{"id":9360,"date":"2018-03-20T13:27:53","date_gmt":"2018-03-20T12:27:53","guid":{"rendered":"https:\/\/coueron-st-symphorien.fr\/?p=9360"},"modified":"2018-03-20T13:27:53","modified_gmt":"2018-03-20T12:27:53","slug":"visite-au-frac","status":"publish","type":"post","link":"https:\/\/coueron-st-symphorien.fr\/?p=9360","title":{"rendered":"VISITE AU FRAC"},"content":{"rendered":"<p>Au FRAC&nbsp; (Fonds r\u00e9gional d&rsquo;art contemporain), le vendredi 20 mars,&nbsp; les \u00e9l\u00e8ves ont pu voir des \u0153uvres d\u2019artistes contemporains en assistant \u00e0 3 ateliers&nbsp;:<\/p>\n<ul>\n<li>des sculptures, des tableaux, des expositions dans la grande salle,<\/li>\n<li>des livres d\u2019artistes o\u00f9 les \u00e9l\u00e8ves ont pu s\u2019entra\u00eener \u00e0 lire des sons difficiles,<\/li>\n<li>une installation d\u2019Eva Taulois. Elle propose un atelier r\u00e9serv\u00e9 aux enfants autour de son exposition le dimanche 25 mars \u00e0 15h (r\u00e9servation au 02 28 01 57 62).<\/li>\n<li>ngg_shortcode_0_placeholder<\/li>\n<\/ul>\n","protected":false},"excerpt":{"rendered":"<p>Au FRAC&nbsp; (Fonds r\u00e9gional d&rsquo;art contemporain), le vendredi 20 mars,&nbsp; les \u00e9l\u00e8ves ont pu voir des \u0153uvres d\u2019artistes contemporains en assistant \u00e0 3 ateliers&nbsp;: des sculptures, des tableaux, des expositions dans la grande salle, des livres d\u2019artistes o\u00f9 les \u00e9l\u00e8ves ont pu s\u2019entra\u00eener \u00e0 lire des sons difficiles, une installation d\u2019Eva Taulois. Elle propose un<\/p>\n<p><a href=\"https:\/\/coueron-st-symphorien.fr\/?p=9360\" class=\"more-link themebutton\">Lire la suite<\/a><\/p>\n","protected":false},"author":14,"featured_media":0,"comment_status":"closed","ping_status":"closed","sticky":false,"template":"","format":"standard","meta":{"ngg_post_thumbnail":0,"footnotes":""},"categories":[17,18],"tags":[],"_links":{"self":[{"href":"https:\/\/coueron-st-symphorien.fr\/index.php?rest_route=\/wp\/v2\/posts\/9360"}],"collection":[{"href":"https:\/\/coueron-st-symphorien.fr\/index.php?rest_route=\/wp\/v2\/posts"}],"about":[{"href":"https:\/\/coueron-st-symphorien.fr\/index.php?rest_route=\/wp\/v2\/types\/post"}],"author":[{"embeddable":true,"href":"https:\/\/coueron-st-symphorien.fr\/index.php?rest_route=\/wp\/v2\/users\/14"}],"replies":[{"embeddable":true,"href":"https:\/\/coueron-st-symphorien.fr\/index.php?rest_route=%2Fwp%2Fv2%2Fcomments&post=9360"}],"version-history":[{"count":1,"href":"https:\/\/coueron-st-symphorien.fr\/index.php?rest_route=\/wp\/v2\/posts\/9360\/revisions"}],"predecessor-version":[{"id":9361,"href":"https:\/\/coueron-st-symphorien.fr\/index.php?rest_route=\/wp\/v2\/posts\/9360\/revisions\/9361"}],"wp:attachment":[{"href":"https:\/\/coueron-st-symphorien.fr\/index.php?rest_route=%2Fwp%2Fv2%2Fmedia&parent=9360"}],"wp:term":[{"taxonomy":"category","embeddable":true,"href":"https:\/\/coueron-st-symphorien.fr\/index.php?rest_route=%2Fwp%2Fv2%2Fcategories&post=9360"},{"taxonomy":"post_tag","embeddable":true,"href":"https:\/\/coueron-st-symphorien.fr\/index.php?rest_route=%2Fwp%2Fv2%2Ftags&post=9360"}],"curies":[{"name":"wp","href":"https:\/\/api.w.org\/{rel}","templated":true}]}}