{"id":8804,"date":"2018-03-12T17:52:48","date_gmt":"2018-03-12T16:52:48","guid":{"rendered":"https:\/\/coueron-st-symphorien.fr\/?p=8804"},"modified":"2018-03-13T21:33:26","modified_gmt":"2018-03-13T20:33:26","slug":"nos-fusees-a-eau","status":"publish","type":"post","link":"https:\/\/coueron-st-symphorien.fr\/?p=8804","title":{"rendered":"Nos fus\u00e9es \u00e0 eau"},"content":{"rendered":"<p>Vendredi 16 f\u00e9vrier nous avons \u00e9labor\u00e9 les plans de nos fus\u00e9es \u00e0 eau.&nbsp;<\/p>\nngg_shortcode_0_placeholder\n<p>Mercredi 21 f\u00e9vrier nous avons construit nos fus\u00e9es dans la salle polyvalente.<\/p>\nngg_shortcode_1_placeholder\n<p>Jeudi 22 f\u00e9vrier, Benjamin, un sp\u00e9cialiste des fus\u00e9e est venu nous expliquer le fonctionnement des fus\u00e9es \u00e0 eau. Il a apport\u00e9 des rampes de lancement. Nous sommes all\u00e9s sur la pelouse du th\u00e9\u00e2tre pour lancer nos fus\u00e9es. Nous \u00e9tions par groupe de trois : un \u00e9l\u00e8ve qui pompait pour mettre la fus\u00e9e sous pression, un autre \u00e9l\u00e8ve qui g\u00e9rait la foule (il demandait si la foule \u00e9tait pr\u00eate et lan\u00e7ait le compte \u00e0 rebours) et un troisi\u00e8me \u00e9l\u00e8ve qui appuyait sur la manette du frein pour d\u00e9clencher le d\u00e9collage de la fus\u00e9e. On a ador\u00e9 !!!<\/p>\nngg_shortcode_2_placeholder\n<p>Et maintenant les lancements en 2 vid\u00e9os.<\/p>\n<div style=\"width: 1170px;\" class=\"wp-video\"><!--[if lt IE 9]><script>document.createElement('video');<\/script><![endif]-->\n<video class=\"wp-video-shortcode\" id=\"video-8804-1\" width=\"1170\" height=\"658\" preload=\"metadata\" controls=\"controls\"><source type=\"video\/mp4\" src=\"https:\/\/coueron-st-symphorien.fr\/wp-content\/uploads\/2018\/03\/video-site-lancement-ce1_ce2.mp4?_=1\" \/><a href=\"https:\/\/coueron-st-symphorien.fr\/wp-content\/uploads\/2018\/03\/video-site-lancement-ce1_ce2.mp4\">https:\/\/coueron-st-symphorien.fr\/wp-content\/uploads\/2018\/03\/video-site-lancement-ce1_ce2.mp4<\/a><\/video><\/div>\n<div style=\"width: 1170px;\" class=\"wp-video\"><video class=\"wp-video-shortcode\" id=\"video-8804-2\" width=\"1170\" height=\"658\" preload=\"metadata\" controls=\"controls\"><source type=\"video\/mp4\" src=\"https:\/\/coueron-st-symphorien.fr\/wp-content\/uploads\/2018\/03\/video-lancement-suite-ce1_ce2.mp4?_=2\" \/><a href=\"https:\/\/coueron-st-symphorien.fr\/wp-content\/uploads\/2018\/03\/video-lancement-suite-ce1_ce2.mp4\">https:\/\/coueron-st-symphorien.fr\/wp-content\/uploads\/2018\/03\/video-lancement-suite-ce1_ce2.mp4<\/a><\/video><\/div>\n","protected":false},"excerpt":{"rendered":"<p>Vendredi 16 f\u00e9vrier nous avons \u00e9labor\u00e9 les plans de nos fus\u00e9es \u00e0 eau.&nbsp; \u00a0\u00bb order_by=\u00a0\u00bbsortorder\u00a0\u00bb order_direction=\u00a0\u00bbASC\u00a0\u00bb returns=\u00a0\u00bbincluded\u00a0\u00bb maximum_entity_count=\u00a0\u00bb500&Prime;] Mercredi 21 f\u00e9vrier nous avons construit nos fus\u00e9es dans la salle polyvalente. \u00a0\u00bb order_by=\u00a0\u00bbsortorder\u00a0\u00bb order_direction=\u00a0\u00bbASC\u00a0\u00bb returns=\u00a0\u00bbincluded\u00a0\u00bb maximum_entity_count=\u00a0\u00bb500&Prime;] Jeudi 22 f\u00e9vrier, Benjamin, un sp\u00e9cialiste des fus\u00e9e est venu nous expliquer le fonctionnement des fus\u00e9es \u00e0 eau. Il a<\/p>\n<p><a href=\"https:\/\/coueron-st-symphorien.fr\/?p=8804\" class=\"more-link themebutton\">Lire la suite<\/a><\/p>\n","protected":false},"author":6,"featured_media":0,"comment_status":"closed","ping_status":"closed","sticky":false,"template":"","format":"standard","meta":{"ngg_post_thumbnail":0,"footnotes":""},"categories":[18],"tags":[],"_links":{"self":[{"href":"https:\/\/coueron-st-symphorien.fr\/index.php?rest_route=\/wp\/v2\/posts\/8804"}],"collection":[{"href":"https:\/\/coueron-st-symphorien.fr\/index.php?rest_route=\/wp\/v2\/posts"}],"about":[{"href":"https:\/\/coueron-st-symphorien.fr\/index.php?rest_route=\/wp\/v2\/types\/post"}],"author":[{"embeddable":true,"href":"https:\/\/coueron-st-symphorien.fr\/index.php?rest_route=\/wp\/v2\/users\/6"}],"replies":[{"embeddable":true,"href":"https:\/\/coueron-st-symphorien.fr\/index.php?rest_route=%2Fwp%2Fv2%2Fcomments&post=8804"}],"version-history":[{"count":10,"href":"https:\/\/coueron-st-symphorien.fr\/index.php?rest_route=\/wp\/v2\/posts\/8804\/revisions"}],"predecessor-version":[{"id":9264,"href":"https:\/\/coueron-st-symphorien.fr\/index.php?rest_route=\/wp\/v2\/posts\/8804\/revisions\/9264"}],"wp:attachment":[{"href":"https:\/\/coueron-st-symphorien.fr\/index.php?rest_route=%2Fwp%2Fv2%2Fmedia&parent=8804"}],"wp:term":[{"taxonomy":"category","embeddable":true,"href":"https:\/\/coueron-st-symphorien.fr\/index.php?rest_route=%2Fwp%2Fv2%2Fcategories&post=8804"},{"taxonomy":"post_tag","embeddable":true,"href":"https:\/\/coueron-st-symphorien.fr\/index.php?rest_route=%2Fwp%2Fv2%2Ftags&post=8804"}],"curies":[{"name":"wp","href":"https:\/\/api.w.org\/{rel}","templated":true}]}}