{"id":7711,"date":"2018-01-29T13:37:04","date_gmt":"2018-01-29T12:37:04","guid":{"rendered":"https:\/\/coueron-st-symphorien.fr\/?p=7711"},"modified":"2018-01-29T13:37:38","modified_gmt":"2018-01-29T12:37:38","slug":"journee-franco-allemande-2018","status":"publish","type":"post","link":"https:\/\/coueron-st-symphorien.fr\/?p=7711","title":{"rendered":"JOURNEE FRANCO-ALLEMANDE 2018"},"content":{"rendered":"<p>C\u2019est lundi 22 janvier que l\u2019\u00e9cole Saint-Symphorien a f\u00eat\u00e9 la <strong>Journ\u00e9e <span style=\"color: #ff0000\">franco<\/span><\/strong>&#8211;<strong><span style=\"color: #ffff00\">allemande<\/span><\/strong>, date inaugurale du Trait\u00e9 de l&rsquo;Elys\u00e9e de 1963. J\u2019ai propos\u00e9 aux \u00e9l\u00e8ves en amont de cette journ\u00e9e de r\u00e9aliser un dessin qui illustrait l\u2019amiti\u00e9 franco-allemande.<\/p>\n<p>Beaucoup d\u2019\u00e9l\u00e8ves avaient rev\u00eatu pour l&rsquo;occasion au moins une couleur du drapeau allemand (jaune, rouge, noir), voire une du tricolore fran\u00e7ais.<\/p>\n<p>J\u2019ai voulu axer cette journ\u00e9e sur le <strong><span style=\"color: #339966\">th\u00e8me des sciences<\/span><\/strong> qui est le projet commun des classes du CE1 au CM2. Je leur ai fait d\u00e9couvrir, \u00e0 travers une exposition, &nbsp;des inventions et des inventeurs allemands. Ils ont \u00e9t\u00e9 surpris d\u2019apprendre que le filtre \u00e0 caf\u00e9, l\u2019ordinateur, l\u2019aspirine et bien d\u2019autres encore \u00e9taient originaires d\u2019Allemagne.<\/p>\n<p>Tsch\u00fcss&nbsp;!<\/p>\n<p>C\u00e9line Musti\u00e8re<\/p>\nngg_shortcode_0_placeholder\n\n<p>&nbsp;<\/p>\n","protected":false},"excerpt":{"rendered":"<p>C\u2019est lundi 22 janvier que l\u2019\u00e9cole Saint-Symphorien a f\u00eat\u00e9 la Journ\u00e9e franco&#8211;allemande, date inaugurale du Trait\u00e9 de l&rsquo;Elys\u00e9e de 1963. J\u2019ai propos\u00e9 aux \u00e9l\u00e8ves en amont de cette journ\u00e9e de r\u00e9aliser un dessin qui illustrait l\u2019amiti\u00e9 franco-allemande. Beaucoup d\u2019\u00e9l\u00e8ves avaient rev\u00eatu pour l&rsquo;occasion au moins une couleur du drapeau allemand (jaune, rouge, noir), voire une<\/p>\n<p><a href=\"https:\/\/coueron-st-symphorien.fr\/?p=7711\" class=\"more-link themebutton\">Lire la suite<\/a><\/p>\n","protected":false},"author":14,"featured_media":0,"comment_status":"closed","ping_status":"closed","sticky":false,"template":"","format":"standard","meta":{"ngg_post_thumbnail":0,"footnotes":""},"categories":[18,19,21,20,22,6],"tags":[],"_links":{"self":[{"href":"https:\/\/coueron-st-symphorien.fr\/index.php?rest_route=\/wp\/v2\/posts\/7711"}],"collection":[{"href":"https:\/\/coueron-st-symphorien.fr\/index.php?rest_route=\/wp\/v2\/posts"}],"about":[{"href":"https:\/\/coueron-st-symphorien.fr\/index.php?rest_route=\/wp\/v2\/types\/post"}],"author":[{"embeddable":true,"href":"https:\/\/coueron-st-symphorien.fr\/index.php?rest_route=\/wp\/v2\/users\/14"}],"replies":[{"embeddable":true,"href":"https:\/\/coueron-st-symphorien.fr\/index.php?rest_route=%2Fwp%2Fv2%2Fcomments&post=7711"}],"version-history":[{"count":1,"href":"https:\/\/coueron-st-symphorien.fr\/index.php?rest_route=\/wp\/v2\/posts\/7711\/revisions"}],"predecessor-version":[{"id":7713,"href":"https:\/\/coueron-st-symphorien.fr\/index.php?rest_route=\/wp\/v2\/posts\/7711\/revisions\/7713"}],"wp:attachment":[{"href":"https:\/\/coueron-st-symphorien.fr\/index.php?rest_route=%2Fwp%2Fv2%2Fmedia&parent=7711"}],"wp:term":[{"taxonomy":"category","embeddable":true,"href":"https:\/\/coueron-st-symphorien.fr\/index.php?rest_route=%2Fwp%2Fv2%2Fcategories&post=7711"},{"taxonomy":"post_tag","embeddable":true,"href":"https:\/\/coueron-st-symphorien.fr\/index.php?rest_route=%2Fwp%2Fv2%2Ftags&post=7711"}],"curies":[{"name":"wp","href":"https:\/\/api.w.org\/{rel}","templated":true}]}}