{"id":6986,"date":"2018-01-12T16:28:46","date_gmt":"2018-01-12T15:28:46","guid":{"rendered":"https:\/\/coueron-st-symphorien.fr\/?p=6986"},"modified":"2018-01-12T17:24:22","modified_gmt":"2018-01-12T16:24:22","slug":"asemblee-decole-du-12-janvier-2018","status":"publish","type":"post","link":"https:\/\/coueron-st-symphorien.fr\/?p=6986","title":{"rendered":"Asembl\u00e9e d&rsquo;\u00e9cole du 12 janvier 2018"},"content":{"rendered":"<p>Aujourd&rsquo;hui tous les \u00e9l\u00e8ves de l&rsquo;\u00e9cole se sont rassembl\u00e9s dans la salle polyvalent pour assister \u00e0 notre deuxi\u00e8me assembl\u00e9e d&rsquo;\u00e9cole. Quelques \u00e9l\u00e8ves de chaque classe sont venus nous pr\u00e9senter chaque projet. Nous avons pu ainsi d\u00e9couvrir le projet \u00ab\u00a0Construire et d\u00e9construire\u00a0\u00bb des deux classes de CP et CP\/CE1, le projet scientifique des 6 autres classes avec l&rsquo;\u00e9levage des phasmes dans les classes de CE1 de C\u00e9line et de CE2\/CM1 de La\u00ebtitia, l&rsquo;\u00e9levage de vers de farine dans les classes de CE1\/CE2 de Nelly et CE2\/CM1 d&rsquo;Aur\u00e9lie. Et pour finir, les plantations dans les classes de CM1\/CM2 et CM2.<\/p>\n<p>Nous sommes impatients de nous retrouver pour une prochaine assembl\u00e9e afin de d\u00e9couvrir la suite de tous ces projets passionnants.<\/p>\nngg_shortcode_0_placeholder\n","protected":false},"excerpt":{"rendered":"<p>Aujourd&rsquo;hui tous les \u00e9l\u00e8ves de l&rsquo;\u00e9cole se sont rassembl\u00e9s dans la salle polyvalent pour assister \u00e0 notre deuxi\u00e8me assembl\u00e9e d&rsquo;\u00e9cole. Quelques \u00e9l\u00e8ves de chaque classe sont venus nous pr\u00e9senter chaque projet. Nous avons pu ainsi d\u00e9couvrir le projet \u00ab\u00a0Construire et d\u00e9construire\u00a0\u00bb des deux classes de CP et CP\/CE1, le projet scientifique des 6 autres classes<\/p>\n<p><a href=\"https:\/\/coueron-st-symphorien.fr\/?p=6986\" class=\"more-link themebutton\">Lire la suite<\/a><\/p>\n","protected":false},"author":6,"featured_media":0,"comment_status":"closed","ping_status":"closed","sticky":false,"template":"","format":"standard","meta":{"ngg_post_thumbnail":0,"footnotes":""},"categories":[1],"tags":[],"_links":{"self":[{"href":"https:\/\/coueron-st-symphorien.fr\/index.php?rest_route=\/wp\/v2\/posts\/6986"}],"collection":[{"href":"https:\/\/coueron-st-symphorien.fr\/index.php?rest_route=\/wp\/v2\/posts"}],"about":[{"href":"https:\/\/coueron-st-symphorien.fr\/index.php?rest_route=\/wp\/v2\/types\/post"}],"author":[{"embeddable":true,"href":"https:\/\/coueron-st-symphorien.fr\/index.php?rest_route=\/wp\/v2\/users\/6"}],"replies":[{"embeddable":true,"href":"https:\/\/coueron-st-symphorien.fr\/index.php?rest_route=%2Fwp%2Fv2%2Fcomments&post=6986"}],"version-history":[{"count":4,"href":"https:\/\/coueron-st-symphorien.fr\/index.php?rest_route=\/wp\/v2\/posts\/6986\/revisions"}],"predecessor-version":[{"id":7067,"href":"https:\/\/coueron-st-symphorien.fr\/index.php?rest_route=\/wp\/v2\/posts\/6986\/revisions\/7067"}],"wp:attachment":[{"href":"https:\/\/coueron-st-symphorien.fr\/index.php?rest_route=%2Fwp%2Fv2%2Fmedia&parent=6986"}],"wp:term":[{"taxonomy":"category","embeddable":true,"href":"https:\/\/coueron-st-symphorien.fr\/index.php?rest_route=%2Fwp%2Fv2%2Fcategories&post=6986"},{"taxonomy":"post_tag","embeddable":true,"href":"https:\/\/coueron-st-symphorien.fr\/index.php?rest_route=%2Fwp%2Fv2%2Ftags&post=6986"}],"curies":[{"name":"wp","href":"https:\/\/api.w.org\/{rel}","templated":true}]}}