{"id":6173,"date":"2017-11-26T16:10:22","date_gmt":"2017-11-26T15:10:22","guid":{"rendered":"https:\/\/coueron-st-symphorien.fr\/?p=6173"},"modified":"2017-11-26T16:27:02","modified_gmt":"2017-11-26T15:27:02","slug":"seconde-matinee-artistique","status":"publish","type":"post","link":"https:\/\/coueron-st-symphorien.fr\/?p=6173","title":{"rendered":"seconde matin\u00e9e artistique"},"content":{"rendered":"<p>mercredi 14 novembre les enfants des deux classes se sont retrouv\u00e9s pour une nouvelle matin\u00e9e artistique;<\/p>\n<p>A l&rsquo;ordre du jour :&nbsp; un atelier collectif sur le noir et blanc ( collage de papiers blancs sur un fond noir), un atelier de peinture sur bandes de couleurs et un atelier de crayons ( prolonger les lignes de la cour)<\/p>\n<p>encore une fois les enfants ont pris beaucoup de plaisir \u00e0 r\u00e9aliser ces trois activit\u00e9s.<\/p>\nngg_shortcode_0_placeholder\n","protected":false},"excerpt":{"rendered":"<p>mercredi 14 novembre les enfants des deux classes se sont retrouv\u00e9s pour une nouvelle matin\u00e9e artistique; A l&rsquo;ordre du jour :&nbsp; un atelier collectif sur le noir et blanc ( collage de papiers blancs sur un fond noir), un atelier de peinture sur bandes de couleurs et un atelier de crayons ( prolonger les lignes<\/p>\n<p><a href=\"https:\/\/coueron-st-symphorien.fr\/?p=6173\" class=\"more-link themebutton\">Lire la suite<\/a><\/p>\n","protected":false},"author":8,"featured_media":0,"comment_status":"closed","ping_status":"closed","sticky":false,"template":"","format":"standard","meta":{"ngg_post_thumbnail":0,"footnotes":""},"categories":[14,13],"tags":[],"_links":{"self":[{"href":"https:\/\/coueron-st-symphorien.fr\/index.php?rest_route=\/wp\/v2\/posts\/6173"}],"collection":[{"href":"https:\/\/coueron-st-symphorien.fr\/index.php?rest_route=\/wp\/v2\/posts"}],"about":[{"href":"https:\/\/coueron-st-symphorien.fr\/index.php?rest_route=\/wp\/v2\/types\/post"}],"author":[{"embeddable":true,"href":"https:\/\/coueron-st-symphorien.fr\/index.php?rest_route=\/wp\/v2\/users\/8"}],"replies":[{"embeddable":true,"href":"https:\/\/coueron-st-symphorien.fr\/index.php?rest_route=%2Fwp%2Fv2%2Fcomments&post=6173"}],"version-history":[{"count":3,"href":"https:\/\/coueron-st-symphorien.fr\/index.php?rest_route=\/wp\/v2\/posts\/6173\/revisions"}],"predecessor-version":[{"id":6262,"href":"https:\/\/coueron-st-symphorien.fr\/index.php?rest_route=\/wp\/v2\/posts\/6173\/revisions\/6262"}],"wp:attachment":[{"href":"https:\/\/coueron-st-symphorien.fr\/index.php?rest_route=%2Fwp%2Fv2%2Fmedia&parent=6173"}],"wp:term":[{"taxonomy":"category","embeddable":true,"href":"https:\/\/coueron-st-symphorien.fr\/index.php?rest_route=%2Fwp%2Fv2%2Fcategories&post=6173"},{"taxonomy":"post_tag","embeddable":true,"href":"https:\/\/coueron-st-symphorien.fr\/index.php?rest_route=%2Fwp%2Fv2%2Ftags&post=6173"}],"curies":[{"name":"wp","href":"https:\/\/api.w.org\/{rel}","templated":true}]}}