{"id":45580,"date":"2025-10-21T16:59:12","date_gmt":"2025-10-21T15:59:12","guid":{"rendered":"https:\/\/coueron-st-symphorien.fr\/?p=45580"},"modified":"2025-10-21T16:59:28","modified_gmt":"2025-10-21T15:59:28","slug":"45580","status":"publish","type":"post","link":"https:\/\/coueron-st-symphorien.fr\/?p=45580","title":{"rendered":"Les \u00e9lections de d\u00e9l\u00e9gu\u00e9s en CE2"},"content":{"rendered":"<p>Vendredi 10 octobre, nous nous sommes rendus dans la salle polyvalente qui \u00e9tait pour l&rsquo;occasion transform\u00e9e en bureau de vote.&nbsp; Munis de notre carte \u00e9lectorale scolaire, chaque enfant est all\u00e9 dans l&rsquo;isoloir pour glisser dans l&rsquo;enveloppe le bulletin de vote de son choix. Puis, il fallait se pr\u00e9senter devant l&rsquo;urne pour y d\u00e9poser l&rsquo;enveloppe. Personne n&rsquo;a oubli\u00e9 de faire tamponner sa carte \u00e9lectorale ni de signer la liste d&rsquo;\u00e9margement. Chaque enfant a aussi pu tenir le r\u00f4le d&rsquo;assesseur.<\/p>\n<p>Est venue ensuite l&rsquo;heure du d\u00e9pouillement. Jules et Alice ont obtenu le m\u00eame nombre de voix. Un deuxi\u00e8me tour a \u00e9t\u00e9 fait. Alice a \u00e9t\u00e9 \u00e9lue d\u00e9l\u00e9gu\u00e9e, Jules est son suppl\u00e9ant.<\/p>\nngg_shortcode_0_placeholder\n","protected":false},"excerpt":{"rendered":"<p>Vendredi 10 octobre, nous nous sommes rendus dans la salle polyvalente qui \u00e9tait pour l&rsquo;occasion transform\u00e9e en bureau de vote.&nbsp; Munis de notre carte \u00e9lectorale scolaire, chaque enfant est all\u00e9 dans l&rsquo;isoloir pour glisser dans l&rsquo;enveloppe le bulletin de vote de son choix. Puis, il fallait se pr\u00e9senter devant l&rsquo;urne pour y d\u00e9poser l&rsquo;enveloppe. Personne<\/p>\n<p><a href=\"https:\/\/coueron-st-symphorien.fr\/?p=45580\" class=\"more-link themebutton\">Lire la suite<\/a><\/p>\n","protected":false},"author":5,"featured_media":0,"comment_status":"closed","ping_status":"closed","sticky":false,"template":"","format":"standard","meta":{"ngg_post_thumbnail":0,"footnotes":""},"categories":[19],"tags":[],"_links":{"self":[{"href":"https:\/\/coueron-st-symphorien.fr\/index.php?rest_route=\/wp\/v2\/posts\/45580"}],"collection":[{"href":"https:\/\/coueron-st-symphorien.fr\/index.php?rest_route=\/wp\/v2\/posts"}],"about":[{"href":"https:\/\/coueron-st-symphorien.fr\/index.php?rest_route=\/wp\/v2\/types\/post"}],"author":[{"embeddable":true,"href":"https:\/\/coueron-st-symphorien.fr\/index.php?rest_route=\/wp\/v2\/users\/5"}],"replies":[{"embeddable":true,"href":"https:\/\/coueron-st-symphorien.fr\/index.php?rest_route=%2Fwp%2Fv2%2Fcomments&post=45580"}],"version-history":[{"count":2,"href":"https:\/\/coueron-st-symphorien.fr\/index.php?rest_route=\/wp\/v2\/posts\/45580\/revisions"}],"predecessor-version":[{"id":45585,"href":"https:\/\/coueron-st-symphorien.fr\/index.php?rest_route=\/wp\/v2\/posts\/45580\/revisions\/45585"}],"wp:attachment":[{"href":"https:\/\/coueron-st-symphorien.fr\/index.php?rest_route=%2Fwp%2Fv2%2Fmedia&parent=45580"}],"wp:term":[{"taxonomy":"category","embeddable":true,"href":"https:\/\/coueron-st-symphorien.fr\/index.php?rest_route=%2Fwp%2Fv2%2Fcategories&post=45580"},{"taxonomy":"post_tag","embeddable":true,"href":"https:\/\/coueron-st-symphorien.fr\/index.php?rest_route=%2Fwp%2Fv2%2Ftags&post=45580"}],"curies":[{"name":"wp","href":"https:\/\/api.w.org\/{rel}","templated":true}]}}