{"id":45344,"date":"2025-10-16T11:23:14","date_gmt":"2025-10-16T10:23:14","guid":{"rendered":"https:\/\/coueron-st-symphorien.fr\/?p=45344"},"modified":"2025-10-16T11:23:14","modified_gmt":"2025-10-16T10:23:14","slug":"lecture-en-maternelle-2","status":"publish","type":"post","link":"https:\/\/coueron-st-symphorien.fr\/?p=45344","title":{"rendered":"Lecture en Maternelle"},"content":{"rendered":"<p>Jeudis 9 et 16 octobre, les CM2 sont all\u00e9s lire un album aux \u00e9l\u00e8ves de Maternelle. Un vrai moment de partage entre petits et grands !<\/p>\nngg_shortcode_0_placeholder\n","protected":false},"excerpt":{"rendered":"<p>Jeudis 9 et 16 octobre, les CM2 sont all\u00e9s lire un album aux \u00e9l\u00e8ves de Maternelle. Un vrai moment de partage entre petits et grands !<\/p>\n","protected":false},"author":24,"featured_media":0,"comment_status":"closed","ping_status":"closed","sticky":false,"template":"","format":"standard","meta":{"ngg_post_thumbnail":0,"footnotes":""},"categories":[22,14,13,75,12,11],"tags":[],"_links":{"self":[{"href":"https:\/\/coueron-st-symphorien.fr\/index.php?rest_route=\/wp\/v2\/posts\/45344"}],"collection":[{"href":"https:\/\/coueron-st-symphorien.fr\/index.php?rest_route=\/wp\/v2\/posts"}],"about":[{"href":"https:\/\/coueron-st-symphorien.fr\/index.php?rest_route=\/wp\/v2\/types\/post"}],"author":[{"embeddable":true,"href":"https:\/\/coueron-st-symphorien.fr\/index.php?rest_route=\/wp\/v2\/users\/24"}],"replies":[{"embeddable":true,"href":"https:\/\/coueron-st-symphorien.fr\/index.php?rest_route=%2Fwp%2Fv2%2Fcomments&post=45344"}],"version-history":[{"count":3,"href":"https:\/\/coueron-st-symphorien.fr\/index.php?rest_route=\/wp\/v2\/posts\/45344\/revisions"}],"predecessor-version":[{"id":45504,"href":"https:\/\/coueron-st-symphorien.fr\/index.php?rest_route=\/wp\/v2\/posts\/45344\/revisions\/45504"}],"wp:attachment":[{"href":"https:\/\/coueron-st-symphorien.fr\/index.php?rest_route=%2Fwp%2Fv2%2Fmedia&parent=45344"}],"wp:term":[{"taxonomy":"category","embeddable":true,"href":"https:\/\/coueron-st-symphorien.fr\/index.php?rest_route=%2Fwp%2Fv2%2Fcategories&post=45344"},{"taxonomy":"post_tag","embeddable":true,"href":"https:\/\/coueron-st-symphorien.fr\/index.php?rest_route=%2Fwp%2Fv2%2Ftags&post=45344"}],"curies":[{"name":"wp","href":"https:\/\/api.w.org\/{rel}","templated":true}]}}