{"id":45338,"date":"2025-10-16T06:34:29","date_gmt":"2025-10-16T05:34:29","guid":{"rendered":"https:\/\/coueron-st-symphorien.fr\/?p=45338"},"modified":"2025-10-16T06:38:59","modified_gmt":"2025-10-16T05:38:59","slug":"sortie-a-la-ferme-pour-tous-les-petits","status":"publish","type":"post","link":"https:\/\/coueron-st-symphorien.fr\/?p=45338","title":{"rendered":"Sortie \u00e0 la ferme pour tous les Petits"},"content":{"rendered":"<p>Mardi 14 octobre, les Petits des 2 classes sont all\u00e9s \u00e0 la ferme p\u00e9dagogique La Cl\u00e9 des Champs \u00e0 Bouguenais. Parcours sensoriel pour d\u00e9couvrir, observer, caresser les animaux!&nbsp;<\/p>\n<p>ngg_shortcode_0_placeholderngg_shortcode_1_placeholder<\/p>\n","protected":false},"excerpt":{"rendered":"<p>Mardi 14 octobre, les Petits des 2 classes sont all\u00e9s \u00e0 la ferme p\u00e9dagogique La Cl\u00e9 des Champs \u00e0 Bouguenais. Parcours sensoriel pour d\u00e9couvrir, observer, caresser les animaux!&nbsp;<\/p>\n","protected":false},"author":12,"featured_media":0,"comment_status":"closed","ping_status":"closed","sticky":false,"template":"","format":"standard","meta":{"ngg_post_thumbnail":0,"footnotes":""},"categories":[12,11],"tags":[],"_links":{"self":[{"href":"https:\/\/coueron-st-symphorien.fr\/index.php?rest_route=\/wp\/v2\/posts\/45338"}],"collection":[{"href":"https:\/\/coueron-st-symphorien.fr\/index.php?rest_route=\/wp\/v2\/posts"}],"about":[{"href":"https:\/\/coueron-st-symphorien.fr\/index.php?rest_route=\/wp\/v2\/types\/post"}],"author":[{"embeddable":true,"href":"https:\/\/coueron-st-symphorien.fr\/index.php?rest_route=\/wp\/v2\/users\/12"}],"replies":[{"embeddable":true,"href":"https:\/\/coueron-st-symphorien.fr\/index.php?rest_route=%2Fwp%2Fv2%2Fcomments&post=45338"}],"version-history":[{"count":2,"href":"https:\/\/coueron-st-symphorien.fr\/index.php?rest_route=\/wp\/v2\/posts\/45338\/revisions"}],"predecessor-version":[{"id":45342,"href":"https:\/\/coueron-st-symphorien.fr\/index.php?rest_route=\/wp\/v2\/posts\/45338\/revisions\/45342"}],"wp:attachment":[{"href":"https:\/\/coueron-st-symphorien.fr\/index.php?rest_route=%2Fwp%2Fv2%2Fmedia&parent=45338"}],"wp:term":[{"taxonomy":"category","embeddable":true,"href":"https:\/\/coueron-st-symphorien.fr\/index.php?rest_route=%2Fwp%2Fv2%2Fcategories&post=45338"},{"taxonomy":"post_tag","embeddable":true,"href":"https:\/\/coueron-st-symphorien.fr\/index.php?rest_route=%2Fwp%2Fv2%2Ftags&post=45338"}],"curies":[{"name":"wp","href":"https:\/\/api.w.org\/{rel}","templated":true}]}}