{"id":45236,"date":"2025-10-13T18:08:14","date_gmt":"2025-10-13T17:08:14","guid":{"rendered":"https:\/\/coueron-st-symphorien.fr\/?p=45236"},"modified":"2025-10-14T14:52:09","modified_gmt":"2025-10-14T13:52:09","slug":"elections-de-delegues","status":"publish","type":"post","link":"https:\/\/coueron-st-symphorien.fr\/?p=45236","title":{"rendered":"ELECTIONS DE DELEGUES"},"content":{"rendered":"<p><a href=\"https:\/\/coueron-st-symphorien.fr\/wp-content\/uploads\/2025\/10\/20251010_140750-scaled.jpg\"><img loading=\"lazy\" decoding=\"async\" class=\"alignright size-medium wp-image-45240\" src=\"https:\/\/coueron-st-symphorien.fr\/wp-content\/uploads\/2025\/10\/20251010_140750-169x300.jpg\" alt=\"\" width=\"169\" height=\"300\" srcset=\"https:\/\/coueron-st-symphorien.fr\/wp-content\/uploads\/2025\/10\/20251010_140750-169x300.jpg 169w, https:\/\/coueron-st-symphorien.fr\/wp-content\/uploads\/2025\/10\/20251010_140750-576x1024.jpg 576w, https:\/\/coueron-st-symphorien.fr\/wp-content\/uploads\/2025\/10\/20251010_140750-768x1365.jpg 768w, https:\/\/coueron-st-symphorien.fr\/wp-content\/uploads\/2025\/10\/20251010_140750-864x1536.jpg 864w, https:\/\/coueron-st-symphorien.fr\/wp-content\/uploads\/2025\/10\/20251010_140750-1153x2048.jpg 1153w, https:\/\/coueron-st-symphorien.fr\/wp-content\/uploads\/2025\/10\/20251010_140750-scaled.jpg 1441w\" sizes=\"(max-width: 169px) 100vw, 169px\" \/><\/a>Vendredi 10 octobre, les \u00e9l\u00e8ves de CE1 de C\u00e9line et de CM2 de Charl\u00e8ne se sont retrouv\u00e9s en salle polyvalente qui \u00e9tait pour l\u2019occasion transform\u00e9e en bureau de vote.&nbsp; Munis de leur carte \u00e9lectorale scolaire, chaque enfant est all\u00e9 dans l\u2019isoloir pour glisser dans l\u2019enveloppe le bulletin de vote de son choix. Puis, il fallait se pr\u00e9senter devant l\u2019urne pour y d\u00e9poser l\u2019enveloppe. Personne n\u2019a oubli\u00e9 de faire tamponner sa carte \u00e9lectorale ni de signer la liste d\u2019\u00e9margement.&nbsp;<\/p>\n<p>Est venue ensuite l\u2019heure du d\u00e9pouillement tant attendu!<\/p>\n<p>En CE1, le d\u00e9l\u00e9gu\u00e9 est L\u00e9o Chevalier Denis et le suppl\u00e9ant Ga\u00ebl Francesio.<\/p>\n<p>En CM2, la d\u00e9l\u00e9gu\u00e9e est Capucine Musti\u00e8re et la suppl\u00e9ante Louise Buteau.<\/p>\n<p>Bravo \u00e0 tous les \u00e9l\u00e8ves qui ont fait la d\u00e9marche de se pr\u00e9senter!<\/p>\nngg_shortcode_0_placeholder\n","protected":false},"excerpt":{"rendered":"<p>Vendredi 10 octobre, les \u00e9l\u00e8ves de CE1 de C\u00e9line et de CM2 de Charl\u00e8ne se sont retrouv\u00e9s en salle polyvalente qui \u00e9tait pour l\u2019occasion transform\u00e9e en bureau de vote.&nbsp; Munis de leur carte \u00e9lectorale scolaire, chaque enfant est all\u00e9 dans l\u2019isoloir pour glisser dans l\u2019enveloppe le bulletin de vote de son choix. Puis, il fallait<\/p>\n<p><a href=\"https:\/\/coueron-st-symphorien.fr\/?p=45236\" class=\"more-link themebutton\">Lire la suite<\/a><\/p>\n","protected":false},"author":14,"featured_media":0,"comment_status":"closed","ping_status":"closed","sticky":false,"template":"","format":"standard","meta":{"ngg_post_thumbnail":0,"footnotes":""},"categories":[17,22],"tags":[],"_links":{"self":[{"href":"https:\/\/coueron-st-symphorien.fr\/index.php?rest_route=\/wp\/v2\/posts\/45236"}],"collection":[{"href":"https:\/\/coueron-st-symphorien.fr\/index.php?rest_route=\/wp\/v2\/posts"}],"about":[{"href":"https:\/\/coueron-st-symphorien.fr\/index.php?rest_route=\/wp\/v2\/types\/post"}],"author":[{"embeddable":true,"href":"https:\/\/coueron-st-symphorien.fr\/index.php?rest_route=\/wp\/v2\/users\/14"}],"replies":[{"embeddable":true,"href":"https:\/\/coueron-st-symphorien.fr\/index.php?rest_route=%2Fwp%2Fv2%2Fcomments&post=45236"}],"version-history":[{"count":4,"href":"https:\/\/coueron-st-symphorien.fr\/index.php?rest_route=\/wp\/v2\/posts\/45236\/revisions"}],"predecessor-version":[{"id":45241,"href":"https:\/\/coueron-st-symphorien.fr\/index.php?rest_route=\/wp\/v2\/posts\/45236\/revisions\/45241"}],"wp:attachment":[{"href":"https:\/\/coueron-st-symphorien.fr\/index.php?rest_route=%2Fwp%2Fv2%2Fmedia&parent=45236"}],"wp:term":[{"taxonomy":"category","embeddable":true,"href":"https:\/\/coueron-st-symphorien.fr\/index.php?rest_route=%2Fwp%2Fv2%2Fcategories&post=45236"},{"taxonomy":"post_tag","embeddable":true,"href":"https:\/\/coueron-st-symphorien.fr\/index.php?rest_route=%2Fwp%2Fv2%2Ftags&post=45236"}],"curies":[{"name":"wp","href":"https:\/\/api.w.org\/{rel}","templated":true}]}}