{"id":45093,"date":"2025-09-22T16:37:17","date_gmt":"2025-09-22T15:37:17","guid":{"rendered":"https:\/\/coueron-st-symphorien.fr\/?p=45093"},"modified":"2025-09-22T16:40:13","modified_gmt":"2025-09-22T15:40:13","slug":"fete-de-rentree-en-maternelle","status":"publish","type":"post","link":"https:\/\/coueron-st-symphorien.fr\/?p=45093","title":{"rendered":"FETE DE RENTREE EN MATERNELLE"},"content":{"rendered":"<p>Vendredi 19 Septembre tous les \u00e9l\u00e8ves de maternelle se sont retrouv\u00e9s sur la cour pour notre traditionnelle f\u00eate de rentr\u00e9e<\/p>\n<p>Au programme : chant, pr\u00e9sentation des nouveaux \u00e9l\u00e8ves et adultes de l&rsquo;\u00e9cole;<\/p>\n<p>Puis chaque enfant ayant&nbsp; un personnage \u00e0 l&rsquo;effigie de sa mascotte devait retrouver d&rsquo;autres enfants afin de cr\u00e9er&nbsp; une ronde avec: un ours ,un lapin ,un cochon, une vache et un chat!!!<\/p>\n<p>Ce temps festif s&rsquo;est termin\u00e9 par un go\u00fbter suivi de rondes endiabl\u00e9es!!!!!<\/p>\nngg_shortcode_0_placeholder\n","protected":false},"excerpt":{"rendered":"<p>Vendredi 19 Septembre tous les \u00e9l\u00e8ves de maternelle se sont retrouv\u00e9s sur la cour pour notre traditionnelle f\u00eate de rentr\u00e9e Au programme : chant, pr\u00e9sentation des nouveaux \u00e9l\u00e8ves et adultes de l&rsquo;\u00e9cole; Puis chaque enfant ayant&nbsp; un personnage \u00e0 l&rsquo;effigie de sa mascotte devait retrouver d&rsquo;autres enfants afin de cr\u00e9er&nbsp; une ronde avec: un ours<\/p>\n<p><a href=\"https:\/\/coueron-st-symphorien.fr\/?p=45093\" class=\"more-link themebutton\">Lire la suite<\/a><\/p>\n","protected":false},"author":4,"featured_media":0,"comment_status":"closed","ping_status":"closed","sticky":false,"template":"","format":"standard","meta":{"ngg_post_thumbnail":0,"footnotes":""},"categories":[14,13,75,12,11],"tags":[],"_links":{"self":[{"href":"https:\/\/coueron-st-symphorien.fr\/index.php?rest_route=\/wp\/v2\/posts\/45093"}],"collection":[{"href":"https:\/\/coueron-st-symphorien.fr\/index.php?rest_route=\/wp\/v2\/posts"}],"about":[{"href":"https:\/\/coueron-st-symphorien.fr\/index.php?rest_route=\/wp\/v2\/types\/post"}],"author":[{"embeddable":true,"href":"https:\/\/coueron-st-symphorien.fr\/index.php?rest_route=\/wp\/v2\/users\/4"}],"replies":[{"embeddable":true,"href":"https:\/\/coueron-st-symphorien.fr\/index.php?rest_route=%2Fwp%2Fv2%2Fcomments&post=45093"}],"version-history":[{"count":2,"href":"https:\/\/coueron-st-symphorien.fr\/index.php?rest_route=\/wp\/v2\/posts\/45093\/revisions"}],"predecessor-version":[{"id":45134,"href":"https:\/\/coueron-st-symphorien.fr\/index.php?rest_route=\/wp\/v2\/posts\/45093\/revisions\/45134"}],"wp:attachment":[{"href":"https:\/\/coueron-st-symphorien.fr\/index.php?rest_route=%2Fwp%2Fv2%2Fmedia&parent=45093"}],"wp:term":[{"taxonomy":"category","embeddable":true,"href":"https:\/\/coueron-st-symphorien.fr\/index.php?rest_route=%2Fwp%2Fv2%2Fcategories&post=45093"},{"taxonomy":"post_tag","embeddable":true,"href":"https:\/\/coueron-st-symphorien.fr\/index.php?rest_route=%2Fwp%2Fv2%2Ftags&post=45093"}],"curies":[{"name":"wp","href":"https:\/\/api.w.org\/{rel}","templated":true}]}}