{"id":43792,"date":"2025-04-19T16:42:43","date_gmt":"2025-04-19T15:42:43","guid":{"rendered":"https:\/\/coueron-st-symphorien.fr\/?p=43792"},"modified":"2025-04-19T16:42:43","modified_gmt":"2025-04-19T15:42:43","slug":"printemps-te-voila","status":"publish","type":"post","link":"https:\/\/coueron-st-symphorien.fr\/?p=43792","title":{"rendered":"Printemps te voil\u00e0 !"},"content":{"rendered":"<p style=\"text-align: center\"><em>Observer le jardin de l&rsquo;\u00e9cole, dessiner les premiers bourgeons, peindre les premi\u00e8res fleurs, planter des fraisiers dans le carr\u00e9 potager de l&rsquo;\u00e9cole, planter des p\u00e9tunias et fabriquer des bombes \u00e0 graines au magasin Jardiland, se dessiner en jardinier, cr\u00e9er une fresque collective&#8230; voil\u00e0 comment les \u00e9l\u00e8ves ont v\u00e9cu les premiers signes du printemps. Place aux photographies :&nbsp;<\/em><\/p>\n<p>ngg_shortcode_0_placeholderngg_shortcode_1_placeholder<\/p>\n","protected":false},"excerpt":{"rendered":"<p>Observer le jardin de l&rsquo;\u00e9cole, dessiner les premiers bourgeons, peindre les premi\u00e8res fleurs, planter des fraisiers dans le carr\u00e9 potager de l&rsquo;\u00e9cole, planter des p\u00e9tunias et fabriquer des bombes \u00e0 graines au magasin Jardiland, se dessiner en jardinier, cr\u00e9er une fresque collective&#8230; voil\u00e0 comment les \u00e9l\u00e8ves ont v\u00e9cu les premiers signes du printemps. Place aux<\/p>\n<p><a href=\"https:\/\/coueron-st-symphorien.fr\/?p=43792\" class=\"more-link themebutton\">Lire la suite<\/a><\/p>\n","protected":false},"author":19,"featured_media":0,"comment_status":"closed","ping_status":"closed","sticky":false,"template":"","format":"standard","meta":{"ngg_post_thumbnail":0,"footnotes":""},"categories":[75],"tags":[],"_links":{"self":[{"href":"https:\/\/coueron-st-symphorien.fr\/index.php?rest_route=\/wp\/v2\/posts\/43792"}],"collection":[{"href":"https:\/\/coueron-st-symphorien.fr\/index.php?rest_route=\/wp\/v2\/posts"}],"about":[{"href":"https:\/\/coueron-st-symphorien.fr\/index.php?rest_route=\/wp\/v2\/types\/post"}],"author":[{"embeddable":true,"href":"https:\/\/coueron-st-symphorien.fr\/index.php?rest_route=\/wp\/v2\/users\/19"}],"replies":[{"embeddable":true,"href":"https:\/\/coueron-st-symphorien.fr\/index.php?rest_route=%2Fwp%2Fv2%2Fcomments&post=43792"}],"version-history":[{"count":1,"href":"https:\/\/coueron-st-symphorien.fr\/index.php?rest_route=\/wp\/v2\/posts\/43792\/revisions"}],"predecessor-version":[{"id":43793,"href":"https:\/\/coueron-st-symphorien.fr\/index.php?rest_route=\/wp\/v2\/posts\/43792\/revisions\/43793"}],"wp:attachment":[{"href":"https:\/\/coueron-st-symphorien.fr\/index.php?rest_route=%2Fwp%2Fv2%2Fmedia&parent=43792"}],"wp:term":[{"taxonomy":"category","embeddable":true,"href":"https:\/\/coueron-st-symphorien.fr\/index.php?rest_route=%2Fwp%2Fv2%2Fcategories&post=43792"},{"taxonomy":"post_tag","embeddable":true,"href":"https:\/\/coueron-st-symphorien.fr\/index.php?rest_route=%2Fwp%2Fv2%2Ftags&post=43792"}],"curies":[{"name":"wp","href":"https:\/\/api.w.org\/{rel}","templated":true}]}}