{"id":42140,"date":"2024-11-16T18:27:41","date_gmt":"2024-11-16T17:27:41","guid":{"rendered":"https:\/\/coueron-st-symphorien.fr\/?p=42140"},"modified":"2024-11-16T18:27:41","modified_gmt":"2024-11-16T17:27:41","slug":"premiere-matinee-artistique-automne","status":"publish","type":"post","link":"https:\/\/coueron-st-symphorien.fr\/?p=42140","title":{"rendered":"Premi\u00e8re matin\u00e9e artistique \u00ab\u00a0automne\u00a0\u00bb"},"content":{"rendered":"<p>En ce mois de novembre, les Petites Sections d\u00e9couvrent les matin\u00e9es artistiques avec plusieurs ateliers encadr\u00e9s par des parents. Peinture avec les couleurs de l&rsquo;automne pour r\u00e9aliser des arbres g\u00e9ants, des pochettes \u00e0 dessins avec des pochoirs, une peinture collective avec des brosses, ou une peinture libre, mais aussi cr\u00e9ations artistiques \u00e0 partir des \u00e9l\u00e9ments de la nature et d\u00e9coration d&rsquo;un bougeoir en d\u00e9chirant et collant des petits morceaux de papier de soie. Bravo \u00e0 tous!&nbsp;<\/p>\n<p>ngg_shortcode_0_placeholderngg_shortcode_1_placeholdervoici les premi\u00e8res r\u00e9alisations&nbsp;<\/p>\nngg_shortcode_2_placeholder\n","protected":false},"excerpt":{"rendered":"<p>En ce mois de novembre, les Petites Sections d\u00e9couvrent les matin\u00e9es artistiques avec plusieurs ateliers encadr\u00e9s par des parents. Peinture avec les couleurs de l&rsquo;automne pour r\u00e9aliser des arbres g\u00e9ants, des pochettes \u00e0 dessins avec des pochoirs, une peinture collective avec des brosses, ou une peinture libre, mais aussi cr\u00e9ations artistiques \u00e0 partir des \u00e9l\u00e9ments<\/p>\n<p><a href=\"https:\/\/coueron-st-symphorien.fr\/?p=42140\" class=\"more-link themebutton\">Lire la suite<\/a><\/p>\n","protected":false},"author":12,"featured_media":0,"comment_status":"closed","ping_status":"closed","sticky":false,"template":"","format":"standard","meta":{"ngg_post_thumbnail":0,"footnotes":""},"categories":[12],"tags":[],"_links":{"self":[{"href":"https:\/\/coueron-st-symphorien.fr\/index.php?rest_route=\/wp\/v2\/posts\/42140"}],"collection":[{"href":"https:\/\/coueron-st-symphorien.fr\/index.php?rest_route=\/wp\/v2\/posts"}],"about":[{"href":"https:\/\/coueron-st-symphorien.fr\/index.php?rest_route=\/wp\/v2\/types\/post"}],"author":[{"embeddable":true,"href":"https:\/\/coueron-st-symphorien.fr\/index.php?rest_route=\/wp\/v2\/users\/12"}],"replies":[{"embeddable":true,"href":"https:\/\/coueron-st-symphorien.fr\/index.php?rest_route=%2Fwp%2Fv2%2Fcomments&post=42140"}],"version-history":[{"count":4,"href":"https:\/\/coueron-st-symphorien.fr\/index.php?rest_route=\/wp\/v2\/posts\/42140\/revisions"}],"predecessor-version":[{"id":42169,"href":"https:\/\/coueron-st-symphorien.fr\/index.php?rest_route=\/wp\/v2\/posts\/42140\/revisions\/42169"}],"wp:attachment":[{"href":"https:\/\/coueron-st-symphorien.fr\/index.php?rest_route=%2Fwp%2Fv2%2Fmedia&parent=42140"}],"wp:term":[{"taxonomy":"category","embeddable":true,"href":"https:\/\/coueron-st-symphorien.fr\/index.php?rest_route=%2Fwp%2Fv2%2Fcategories&post=42140"},{"taxonomy":"post_tag","embeddable":true,"href":"https:\/\/coueron-st-symphorien.fr\/index.php?rest_route=%2Fwp%2Fv2%2Ftags&post=42140"}],"curies":[{"name":"wp","href":"https:\/\/api.w.org\/{rel}","templated":true}]}}