{"id":41728,"date":"2024-11-03T21:25:07","date_gmt":"2024-11-03T20:25:07","guid":{"rendered":"https:\/\/coueron-st-symphorien.fr\/?p=41728"},"modified":"2024-11-03T21:25:28","modified_gmt":"2024-11-03T20:25:28","slug":"election-des-delegues-en-ce1-ce2","status":"publish","type":"post","link":"https:\/\/coueron-st-symphorien.fr\/?p=41728","title":{"rendered":"\u00e9lection des d\u00e9l\u00e9gu\u00e9s en CE1 &#8211; CE2"},"content":{"rendered":"<p>Ce jeudi 3 octobre 2024, nous avons \u00e9lu nos d\u00e9l\u00e9gu\u00e9s de classe. Apr\u00e8s une semaine de campagne \u00e9lectorale en classe, durant laquelle chaque candidat a pr\u00e9sent\u00e9 son programme et son affiche, nous sommes all\u00e9s en salle polyvalente. Le bureau de vote \u00e9tait install\u00e9.&nbsp; Munis de sa carte \u00e9lectorale scolaire, chacun est all\u00e9 dans l\u2019isoloir pour glisser son bulletin de vote dans l&rsquo;enveloppe avant de le mettre dans l\u2019urne et d&rsquo;entendre \u00ab\u00a0a vot\u00e9\u00a0\u00bb par l&rsquo;assesseur d\u00e9di\u00e9 \u00e0 cette mission. Puis chacun a fait tamponner sa carte \u00e9lectorale et \u00e0 signer la liste d\u2019\u00e9margement. Quelques \u00e9l\u00e8ves ont pu tenir le r\u00f4le d\u2019assesseur.<\/p>\n<p>Ensuite nous sommes retourn\u00e9s dans notre classe pour proc\u00e9der au d\u00e9pouillement : suspens garanti !&nbsp;<\/p>\n<p>En CE2, Victor a \u00e9t\u00e9 \u00e9lu d\u00e9l\u00e9gu\u00e9 et Lina suppl\u00e9ante.&nbsp; En CE1, Lisa a \u00e9t\u00e9 \u00e9lue d\u00e9l\u00e9gu\u00e9e et Eliott suppl\u00e9ant.<\/p>\n<p>La premi\u00e8re r\u00e9union des d\u00e9l\u00e9gu\u00e9s aura lieu le mardi 12 novembre avec M.DAVID.&nbsp;<\/p>\nngg_shortcode_0_placeholder\n","protected":false},"excerpt":{"rendered":"<p>Ce jeudi 3 octobre 2024, nous avons \u00e9lu nos d\u00e9l\u00e9gu\u00e9s de classe. Apr\u00e8s une semaine de campagne \u00e9lectorale en classe, durant laquelle chaque candidat a pr\u00e9sent\u00e9 son programme et son affiche, nous sommes all\u00e9s en salle polyvalente. Le bureau de vote \u00e9tait install\u00e9.&nbsp; Munis de sa carte \u00e9lectorale scolaire, chacun est all\u00e9 dans l\u2019isoloir pour<\/p>\n<p><a href=\"https:\/\/coueron-st-symphorien.fr\/?p=41728\" class=\"more-link themebutton\">Lire la suite<\/a><\/p>\n","protected":false},"author":6,"featured_media":0,"comment_status":"closed","ping_status":"closed","sticky":false,"template":"","format":"standard","meta":{"ngg_post_thumbnail":0,"footnotes":""},"categories":[18],"tags":[],"_links":{"self":[{"href":"https:\/\/coueron-st-symphorien.fr\/index.php?rest_route=\/wp\/v2\/posts\/41728"}],"collection":[{"href":"https:\/\/coueron-st-symphorien.fr\/index.php?rest_route=\/wp\/v2\/posts"}],"about":[{"href":"https:\/\/coueron-st-symphorien.fr\/index.php?rest_route=\/wp\/v2\/types\/post"}],"author":[{"embeddable":true,"href":"https:\/\/coueron-st-symphorien.fr\/index.php?rest_route=\/wp\/v2\/users\/6"}],"replies":[{"embeddable":true,"href":"https:\/\/coueron-st-symphorien.fr\/index.php?rest_route=%2Fwp%2Fv2%2Fcomments&post=41728"}],"version-history":[{"count":3,"href":"https:\/\/coueron-st-symphorien.fr\/index.php?rest_route=\/wp\/v2\/posts\/41728\/revisions"}],"predecessor-version":[{"id":41759,"href":"https:\/\/coueron-st-symphorien.fr\/index.php?rest_route=\/wp\/v2\/posts\/41728\/revisions\/41759"}],"wp:attachment":[{"href":"https:\/\/coueron-st-symphorien.fr\/index.php?rest_route=%2Fwp%2Fv2%2Fmedia&parent=41728"}],"wp:term":[{"taxonomy":"category","embeddable":true,"href":"https:\/\/coueron-st-symphorien.fr\/index.php?rest_route=%2Fwp%2Fv2%2Fcategories&post=41728"},{"taxonomy":"post_tag","embeddable":true,"href":"https:\/\/coueron-st-symphorien.fr\/index.php?rest_route=%2Fwp%2Fv2%2Ftags&post=41728"}],"curies":[{"name":"wp","href":"https:\/\/api.w.org\/{rel}","templated":true}]}}