{"id":41659,"date":"2024-10-11T13:33:43","date_gmt":"2024-10-11T12:33:43","guid":{"rendered":"https:\/\/coueron-st-symphorien.fr\/?p=41659"},"modified":"2024-10-11T13:33:43","modified_gmt":"2024-10-11T12:33:43","slug":"land-art-entre-anges-gardiens","status":"publish","type":"post","link":"https:\/\/coueron-st-symphorien.fr\/?p=41659","title":{"rendered":"Land Art entre anges-gardiens !"},"content":{"rendered":"<p>Les enfants de PS\/MS, de CP et de CM1 se sont retrouv\u00e9s ce vendredi sur la cour pour faire connaissance. Apr\u00e8s s\u2019\u00eatre choisis, ils ont cr\u00e9\u00e9 ensemble, par trio d\u2019anges-gardiens, une \u0153uvre d\u2019art \u00e9ph\u00e9m\u00e8re avec les \u00e9l\u00e9ments de la nature (feuilles mortes, graines et fleur du jardin potager\u2026). S\u00e9ance photo et petite collation partag\u00e9e&nbsp;! Du bonheur, du partage\u2026 une exp\u00e9rience que les enfants ont d\u00e9j\u00e0 h\u00e2te de renouveler dans les semaines \u00e0 venir&nbsp;!<\/p>\nngg_shortcode_0_placeholder\n","protected":false},"excerpt":{"rendered":"<p>Les enfants de PS\/MS, de CP et de CM1 se sont retrouv\u00e9s ce vendredi sur la cour pour faire connaissance. Apr\u00e8s s\u2019\u00eatre choisis, ils ont cr\u00e9\u00e9 ensemble, par trio d\u2019anges-gardiens, une \u0153uvre d\u2019art \u00e9ph\u00e9m\u00e8re avec les \u00e9l\u00e9ments de la nature (feuilles mortes, graines et fleur du jardin potager\u2026). S\u00e9ance photo et petite collation partag\u00e9e&nbsp;! Du<\/p>\n<p><a href=\"https:\/\/coueron-st-symphorien.fr\/?p=41659\" class=\"more-link themebutton\">Lire la suite<\/a><\/p>\n","protected":false},"author":3,"featured_media":0,"comment_status":"closed","ping_status":"closed","sticky":false,"template":"","format":"standard","meta":{"ngg_post_thumbnail":0,"footnotes":""},"categories":[20,16,11],"tags":[],"_links":{"self":[{"href":"https:\/\/coueron-st-symphorien.fr\/index.php?rest_route=\/wp\/v2\/posts\/41659"}],"collection":[{"href":"https:\/\/coueron-st-symphorien.fr\/index.php?rest_route=\/wp\/v2\/posts"}],"about":[{"href":"https:\/\/coueron-st-symphorien.fr\/index.php?rest_route=\/wp\/v2\/types\/post"}],"author":[{"embeddable":true,"href":"https:\/\/coueron-st-symphorien.fr\/index.php?rest_route=\/wp\/v2\/users\/3"}],"replies":[{"embeddable":true,"href":"https:\/\/coueron-st-symphorien.fr\/index.php?rest_route=%2Fwp%2Fv2%2Fcomments&post=41659"}],"version-history":[{"count":1,"href":"https:\/\/coueron-st-symphorien.fr\/index.php?rest_route=\/wp\/v2\/posts\/41659\/revisions"}],"predecessor-version":[{"id":41660,"href":"https:\/\/coueron-st-symphorien.fr\/index.php?rest_route=\/wp\/v2\/posts\/41659\/revisions\/41660"}],"wp:attachment":[{"href":"https:\/\/coueron-st-symphorien.fr\/index.php?rest_route=%2Fwp%2Fv2%2Fmedia&parent=41659"}],"wp:term":[{"taxonomy":"category","embeddable":true,"href":"https:\/\/coueron-st-symphorien.fr\/index.php?rest_route=%2Fwp%2Fv2%2Fcategories&post=41659"},{"taxonomy":"post_tag","embeddable":true,"href":"https:\/\/coueron-st-symphorien.fr\/index.php?rest_route=%2Fwp%2Fv2%2Ftags&post=41659"}],"curies":[{"name":"wp","href":"https:\/\/api.w.org\/{rel}","templated":true}]}}