{"id":41401,"date":"2024-09-29T11:41:13","date_gmt":"2024-09-29T10:41:13","guid":{"rendered":"https:\/\/coueron-st-symphorien.fr\/?p=41401"},"modified":"2024-09-29T11:41:13","modified_gmt":"2024-09-29T10:41:13","slug":"les-cm2-sont-venus-lire-des-albums-aux-eleves-de-maternelle","status":"publish","type":"post","link":"https:\/\/coueron-st-symphorien.fr\/?p=41401","title":{"rendered":"Les CM2 sont venus lire des albums aux \u00e9l\u00e8ves de maternelle"},"content":{"rendered":"<p>Cette ann\u00e9e encore, les CM2 sont venus les premiers lire des albums aux \u00e9l\u00e8ves des 5 classes de maternelle. Apr\u00e8s une premi\u00e8re venue le lundi 23 septembre, ils reviendront le 30 septembre.<\/p>\nngg_shortcode_0_placeholder\n","protected":false},"excerpt":{"rendered":"<p>Cette ann\u00e9e encore, les CM2 sont venus les premiers lire des albums aux \u00e9l\u00e8ves des 5 classes de maternelle. Apr\u00e8s une premi\u00e8re venue le lundi 23 septembre, ils reviendront le 30 septembre.<\/p>\n","protected":false},"author":7,"featured_media":0,"comment_status":"closed","ping_status":"closed","sticky":false,"template":"","format":"standard","meta":{"ngg_post_thumbnail":0,"footnotes":""},"categories":[22,14,13,75,12,11],"tags":[],"_links":{"self":[{"href":"https:\/\/coueron-st-symphorien.fr\/index.php?rest_route=\/wp\/v2\/posts\/41401"}],"collection":[{"href":"https:\/\/coueron-st-symphorien.fr\/index.php?rest_route=\/wp\/v2\/posts"}],"about":[{"href":"https:\/\/coueron-st-symphorien.fr\/index.php?rest_route=\/wp\/v2\/types\/post"}],"author":[{"embeddable":true,"href":"https:\/\/coueron-st-symphorien.fr\/index.php?rest_route=\/wp\/v2\/users\/7"}],"replies":[{"embeddable":true,"href":"https:\/\/coueron-st-symphorien.fr\/index.php?rest_route=%2Fwp%2Fv2%2Fcomments&post=41401"}],"version-history":[{"count":1,"href":"https:\/\/coueron-st-symphorien.fr\/index.php?rest_route=\/wp\/v2\/posts\/41401\/revisions"}],"predecessor-version":[{"id":41402,"href":"https:\/\/coueron-st-symphorien.fr\/index.php?rest_route=\/wp\/v2\/posts\/41401\/revisions\/41402"}],"wp:attachment":[{"href":"https:\/\/coueron-st-symphorien.fr\/index.php?rest_route=%2Fwp%2Fv2%2Fmedia&parent=41401"}],"wp:term":[{"taxonomy":"category","embeddable":true,"href":"https:\/\/coueron-st-symphorien.fr\/index.php?rest_route=%2Fwp%2Fv2%2Fcategories&post=41401"},{"taxonomy":"post_tag","embeddable":true,"href":"https:\/\/coueron-st-symphorien.fr\/index.php?rest_route=%2Fwp%2Fv2%2Ftags&post=41401"}],"curies":[{"name":"wp","href":"https:\/\/api.w.org\/{rel}","templated":true}]}}