{"id":41309,"date":"2024-09-23T19:33:00","date_gmt":"2024-09-23T18:33:00","guid":{"rendered":"https:\/\/coueron-st-symphorien.fr\/?p=41309"},"modified":"2024-09-23T19:33:00","modified_gmt":"2024-09-23T18:33:00","slug":"fete-de-la-rentree-2024","status":"publish","type":"post","link":"https:\/\/coueron-st-symphorien.fr\/?p=41309","title":{"rendered":"F\u00eate de la rentr\u00e9e 2024"},"content":{"rendered":"<p>Jeudi 12 septembre 2024, nous avons c\u00e9l\u00e9br\u00e9 la f\u00eate de la rentr\u00e9e \u00e0 l&rsquo;\u00e9cole St Symphorien.<\/p>\n<p>Tous les \u00e9l\u00e8ves se sont regroup\u00e9s sur la cour et chaque classe s&rsquo;est pr\u00e9sent\u00e9e \u00e0 l&rsquo;ensemble des \u00e9l\u00e8ves du primaire. Ce fut l&rsquo;occasion de pr\u00e9senter les nouveaux \u00e9l\u00e8ves.<\/p>\n<p>Ensuite les \u00e9l\u00e8ves du CP au CM2 ont coll\u00e9 leur pr\u00e9nom sur les affiches qui avaient \u00e9t\u00e9 pr\u00e9par\u00e9es en amont dans chaque classe.<\/p>\n<p>Ces \u0153uvres collectives sont affich\u00e9es en salle polyvalente. N&rsquo;h\u00e9sitez pas \u00e0 aller les d\u00e9couvrir avec votre enfant.<\/p>\n<p>Ce fut un tr\u00e8s bon moment de bonheur et de partage.<\/p>\n<p>Chacun est pr\u00e9sent\u00e9&#8230;l&rsquo;ann\u00e9e est bien commenc\u00e9e !<\/p>\nngg_shortcode_0_placeholder\n","protected":false},"excerpt":{"rendered":"<p>Jeudi 12 septembre 2024, nous avons c\u00e9l\u00e9br\u00e9 la f\u00eate de la rentr\u00e9e \u00e0 l&rsquo;\u00e9cole St Symphorien. Tous les \u00e9l\u00e8ves se sont regroup\u00e9s sur la cour et chaque classe s&rsquo;est pr\u00e9sent\u00e9e \u00e0 l&rsquo;ensemble des \u00e9l\u00e8ves du primaire. Ce fut l&rsquo;occasion de pr\u00e9senter les nouveaux \u00e9l\u00e8ves. Ensuite les \u00e9l\u00e8ves du CP au CM2 ont coll\u00e9 leur pr\u00e9nom<\/p>\n<p><a href=\"https:\/\/coueron-st-symphorien.fr\/?p=41309\" class=\"more-link themebutton\">Lire la suite<\/a><\/p>\n","protected":false},"author":6,"featured_media":0,"comment_status":"closed","ping_status":"closed","sticky":false,"template":"","format":"standard","meta":{"ngg_post_thumbnail":0,"footnotes":""},"categories":[17,18,19,21,20,22,16,15,5,6],"tags":[],"_links":{"self":[{"href":"https:\/\/coueron-st-symphorien.fr\/index.php?rest_route=\/wp\/v2\/posts\/41309"}],"collection":[{"href":"https:\/\/coueron-st-symphorien.fr\/index.php?rest_route=\/wp\/v2\/posts"}],"about":[{"href":"https:\/\/coueron-st-symphorien.fr\/index.php?rest_route=\/wp\/v2\/types\/post"}],"author":[{"embeddable":true,"href":"https:\/\/coueron-st-symphorien.fr\/index.php?rest_route=\/wp\/v2\/users\/6"}],"replies":[{"embeddable":true,"href":"https:\/\/coueron-st-symphorien.fr\/index.php?rest_route=%2Fwp%2Fv2%2Fcomments&post=41309"}],"version-history":[{"count":3,"href":"https:\/\/coueron-st-symphorien.fr\/index.php?rest_route=\/wp\/v2\/posts\/41309\/revisions"}],"predecessor-version":[{"id":41366,"href":"https:\/\/coueron-st-symphorien.fr\/index.php?rest_route=\/wp\/v2\/posts\/41309\/revisions\/41366"}],"wp:attachment":[{"href":"https:\/\/coueron-st-symphorien.fr\/index.php?rest_route=%2Fwp%2Fv2%2Fmedia&parent=41309"}],"wp:term":[{"taxonomy":"category","embeddable":true,"href":"https:\/\/coueron-st-symphorien.fr\/index.php?rest_route=%2Fwp%2Fv2%2Fcategories&post=41309"},{"taxonomy":"post_tag","embeddable":true,"href":"https:\/\/coueron-st-symphorien.fr\/index.php?rest_route=%2Fwp%2Fv2%2Ftags&post=41309"}],"curies":[{"name":"wp","href":"https:\/\/api.w.org\/{rel}","templated":true}]}}