{"id":41288,"date":"2024-09-19T17:51:15","date_gmt":"2024-09-19T16:51:15","guid":{"rendered":"https:\/\/coueron-st-symphorien.fr\/?p=41288"},"modified":"2024-09-21T14:32:49","modified_gmt":"2024-09-21T13:32:49","slug":"a-la-rencontre-de-nos-anges-gardiens-2","status":"publish","type":"post","link":"https:\/\/coueron-st-symphorien.fr\/?p=41288","title":{"rendered":"A la rencontre de nos anges-gardiens &#8230;"},"content":{"rendered":"<p style=\"text-align: center\"><em>La premi\u00e8re rencontre de notre classe d&rsquo;anges-gardiens ce mercredi s&rsquo;est d\u00e9roul\u00e9e dans le jardin potager de l&rsquo;\u00e9cole. Apr\u00e8s s&rsquo;\u00eatre choisis puis photographi\u00e9s, les \u00e9l\u00e8ves se sont retrouv\u00e9s dans les classes en petits groupes afin de r\u00e9aliser des fresques. Un moment fort appr\u00e9ci\u00e9 qui n&rsquo;est que le point de d\u00e9marrage de r\u00e9guli\u00e8res rencontres pour se retrouver, se d\u00e9couvrir et partager tout au long de l&rsquo;ann\u00e9e&#8230;<\/em><\/p>\n<p>ngg_shortcode_0_placeholderngg_shortcode_1_placeholder<\/p>\n","protected":false},"excerpt":{"rendered":"<p>La premi\u00e8re rencontre de notre classe d&rsquo;anges-gardiens ce mercredi s&rsquo;est d\u00e9roul\u00e9e dans le jardin potager de l&rsquo;\u00e9cole. Apr\u00e8s s&rsquo;\u00eatre choisis puis photographi\u00e9s, les \u00e9l\u00e8ves se sont retrouv\u00e9s dans les classes en petits groupes afin de r\u00e9aliser des fresques. Un moment fort appr\u00e9ci\u00e9 qui n&rsquo;est que le point de d\u00e9marrage de r\u00e9guli\u00e8res rencontres pour se retrouver,<\/p>\n<p><a href=\"https:\/\/coueron-st-symphorien.fr\/?p=41288\" class=\"more-link themebutton\">Lire la suite<\/a><\/p>\n","protected":false},"author":19,"featured_media":0,"comment_status":"closed","ping_status":"closed","sticky":false,"template":"","format":"standard","meta":{"ngg_post_thumbnail":0,"footnotes":""},"categories":[17,75],"tags":[],"_links":{"self":[{"href":"https:\/\/coueron-st-symphorien.fr\/index.php?rest_route=\/wp\/v2\/posts\/41288"}],"collection":[{"href":"https:\/\/coueron-st-symphorien.fr\/index.php?rest_route=\/wp\/v2\/posts"}],"about":[{"href":"https:\/\/coueron-st-symphorien.fr\/index.php?rest_route=\/wp\/v2\/types\/post"}],"author":[{"embeddable":true,"href":"https:\/\/coueron-st-symphorien.fr\/index.php?rest_route=\/wp\/v2\/users\/19"}],"replies":[{"embeddable":true,"href":"https:\/\/coueron-st-symphorien.fr\/index.php?rest_route=%2Fwp%2Fv2%2Fcomments&post=41288"}],"version-history":[{"count":3,"href":"https:\/\/coueron-st-symphorien.fr\/index.php?rest_route=\/wp\/v2\/posts\/41288\/revisions"}],"predecessor-version":[{"id":41305,"href":"https:\/\/coueron-st-symphorien.fr\/index.php?rest_route=\/wp\/v2\/posts\/41288\/revisions\/41305"}],"wp:attachment":[{"href":"https:\/\/coueron-st-symphorien.fr\/index.php?rest_route=%2Fwp%2Fv2%2Fmedia&parent=41288"}],"wp:term":[{"taxonomy":"category","embeddable":true,"href":"https:\/\/coueron-st-symphorien.fr\/index.php?rest_route=%2Fwp%2Fv2%2Fcategories&post=41288"},{"taxonomy":"post_tag","embeddable":true,"href":"https:\/\/coueron-st-symphorien.fr\/index.php?rest_route=%2Fwp%2Fv2%2Ftags&post=41288"}],"curies":[{"name":"wp","href":"https:\/\/api.w.org\/{rel}","templated":true}]}}