{"id":41219,"date":"2024-09-19T17:33:51","date_gmt":"2024-09-19T16:33:51","guid":{"rendered":"https:\/\/coueron-st-symphorien.fr\/?p=41219"},"modified":"2024-09-19T17:33:51","modified_gmt":"2024-09-19T16:33:51","slug":"une-farandole-pour-la-fete-de-la-rentree","status":"publish","type":"post","link":"https:\/\/coueron-st-symphorien.fr\/?p=41219","title":{"rendered":"Une farandole pour la f\u00eate de la rentr\u00e9e !"},"content":{"rendered":"<p style=\"text-align: center\">Ce jeudi matin, tous les \u00e9l\u00e8ves de l&rsquo;\u00e9cole maternelle se sont retrouv\u00e9s dans la cour pour c\u00e9l\u00e9brer la rentr\u00e9e. Nous avons pr\u00e9sent\u00e9 les nouveaux \u00e9l\u00e8ves ainsi que les mascottes de chaque classe. Nous avons chant\u00e9 \u00ab\u00a0Mon \u00e9cole est vraiment super\u00a0\u00bb. Nous nous sommes m\u00e9lang\u00e9s en formant des farandoles aux couleurs des cinq classes. Puis, nous avons partag\u00e9 un petit go\u00fbter. Place aux photographies!<\/p>\nngg_shortcode_0_placeholder\n","protected":false},"excerpt":{"rendered":"<p>Ce jeudi matin, tous les \u00e9l\u00e8ves de l&rsquo;\u00e9cole maternelle se sont retrouv\u00e9s dans la cour pour c\u00e9l\u00e9brer la rentr\u00e9e. Nous avons pr\u00e9sent\u00e9 les nouveaux \u00e9l\u00e8ves ainsi que les mascottes de chaque classe. Nous avons chant\u00e9 \u00ab\u00a0Mon \u00e9cole est vraiment super\u00a0\u00bb. Nous nous sommes m\u00e9lang\u00e9s en formant des farandoles aux couleurs des cinq classes. Puis, nous<\/p>\n<p><a href=\"https:\/\/coueron-st-symphorien.fr\/?p=41219\" class=\"more-link themebutton\">Lire la suite<\/a><\/p>\n","protected":false},"author":19,"featured_media":0,"comment_status":"closed","ping_status":"closed","sticky":false,"template":"","format":"standard","meta":{"ngg_post_thumbnail":0,"footnotes":""},"categories":[14,13,75,12,11],"tags":[],"_links":{"self":[{"href":"https:\/\/coueron-st-symphorien.fr\/index.php?rest_route=\/wp\/v2\/posts\/41219"}],"collection":[{"href":"https:\/\/coueron-st-symphorien.fr\/index.php?rest_route=\/wp\/v2\/posts"}],"about":[{"href":"https:\/\/coueron-st-symphorien.fr\/index.php?rest_route=\/wp\/v2\/types\/post"}],"author":[{"embeddable":true,"href":"https:\/\/coueron-st-symphorien.fr\/index.php?rest_route=\/wp\/v2\/users\/19"}],"replies":[{"embeddable":true,"href":"https:\/\/coueron-st-symphorien.fr\/index.php?rest_route=%2Fwp%2Fv2%2Fcomments&post=41219"}],"version-history":[{"count":2,"href":"https:\/\/coueron-st-symphorien.fr\/index.php?rest_route=\/wp\/v2\/posts\/41219\/revisions"}],"predecessor-version":[{"id":41251,"href":"https:\/\/coueron-st-symphorien.fr\/index.php?rest_route=\/wp\/v2\/posts\/41219\/revisions\/41251"}],"wp:attachment":[{"href":"https:\/\/coueron-st-symphorien.fr\/index.php?rest_route=%2Fwp%2Fv2%2Fmedia&parent=41219"}],"wp:term":[{"taxonomy":"category","embeddable":true,"href":"https:\/\/coueron-st-symphorien.fr\/index.php?rest_route=%2Fwp%2Fv2%2Fcategories&post=41219"},{"taxonomy":"post_tag","embeddable":true,"href":"https:\/\/coueron-st-symphorien.fr\/index.php?rest_route=%2Fwp%2Fv2%2Ftags&post=41219"}],"curies":[{"name":"wp","href":"https:\/\/api.w.org\/{rel}","templated":true}]}}