{"id":41202,"date":"2024-09-08T16:07:51","date_gmt":"2024-09-08T15:07:51","guid":{"rendered":"https:\/\/coueron-st-symphorien.fr\/?p=41202"},"modified":"2024-09-08T16:07:51","modified_gmt":"2024-09-08T15:07:51","slug":"premiere-rentree-pour-les-ps","status":"publish","type":"post","link":"https:\/\/coueron-st-symphorien.fr\/?p=41202","title":{"rendered":"Premi\u00e8re rentr\u00e9e pour les PS"},"content":{"rendered":"<p>Pour d\u00e9couvrir l&rsquo;\u00e9cole&nbsp; en douceur, rentr\u00e9e en demi groupe.&nbsp;<\/p>\n<p>Une moiti\u00e9 de classe le lundi&nbsp;<\/p>\nngg_shortcode_0_placeholder\n<p>&nbsp;<\/p>\n<p>L&rsquo;autre moiti\u00e9 le mardi<\/p>\n<p>ngg_shortcode_1_placeholderRentr\u00e9e tous ensemble le mercredi<\/p>\nngg_shortcode_2_placeholder\n","protected":false},"excerpt":{"rendered":"<p>Pour d\u00e9couvrir l&rsquo;\u00e9cole&nbsp; en douceur, rentr\u00e9e en demi groupe.&nbsp; Une moiti\u00e9 de classe le lundi&nbsp; &nbsp; &nbsp; L&rsquo;autre moiti\u00e9 le mardi Rentr\u00e9e tous ensemble le mercredi<\/p>\n","protected":false},"author":12,"featured_media":0,"comment_status":"closed","ping_status":"closed","sticky":false,"template":"","format":"standard","meta":{"ngg_post_thumbnail":0,"footnotes":""},"categories":[12],"tags":[],"_links":{"self":[{"href":"https:\/\/coueron-st-symphorien.fr\/index.php?rest_route=\/wp\/v2\/posts\/41202"}],"collection":[{"href":"https:\/\/coueron-st-symphorien.fr\/index.php?rest_route=\/wp\/v2\/posts"}],"about":[{"href":"https:\/\/coueron-st-symphorien.fr\/index.php?rest_route=\/wp\/v2\/types\/post"}],"author":[{"embeddable":true,"href":"https:\/\/coueron-st-symphorien.fr\/index.php?rest_route=\/wp\/v2\/users\/12"}],"replies":[{"embeddable":true,"href":"https:\/\/coueron-st-symphorien.fr\/index.php?rest_route=%2Fwp%2Fv2%2Fcomments&post=41202"}],"version-history":[{"count":5,"href":"https:\/\/coueron-st-symphorien.fr\/index.php?rest_route=\/wp\/v2\/posts\/41202\/revisions"}],"predecessor-version":[{"id":41217,"href":"https:\/\/coueron-st-symphorien.fr\/index.php?rest_route=\/wp\/v2\/posts\/41202\/revisions\/41217"}],"wp:attachment":[{"href":"https:\/\/coueron-st-symphorien.fr\/index.php?rest_route=%2Fwp%2Fv2%2Fmedia&parent=41202"}],"wp:term":[{"taxonomy":"category","embeddable":true,"href":"https:\/\/coueron-st-symphorien.fr\/index.php?rest_route=%2Fwp%2Fv2%2Fcategories&post=41202"},{"taxonomy":"post_tag","embeddable":true,"href":"https:\/\/coueron-st-symphorien.fr\/index.php?rest_route=%2Fwp%2Fv2%2Ftags&post=41202"}],"curies":[{"name":"wp","href":"https:\/\/api.w.org\/{rel}","templated":true}]}}