{"id":41017,"date":"2024-07-09T21:54:25","date_gmt":"2024-07-09T20:54:25","guid":{"rendered":"https:\/\/coueron-st-symphorien.fr\/?p=41017"},"modified":"2024-07-09T21:54:25","modified_gmt":"2024-07-09T20:54:25","slug":"de-la-couleur-chez-les-ps-ms","status":"publish","type":"post","link":"https:\/\/coueron-st-symphorien.fr\/?p=41017","title":{"rendered":"De la couleur chez les PS MS"},"content":{"rendered":"<p>En suivant les anneaux olympiques nous avons v\u00e9cu des journ\u00e9es couleur cette ann\u00e9e en lien avec des artistes:<\/p>\n<p>en octobre : jour bleu&nbsp; avec la reproduction d&rsquo;une oeuvre de Miro<\/p>\n<p><a href=\"https:\/\/coueron-st-symphorien.fr\/wp-content\/uploads\/2024\/07\/20240124_092115-scaled.jpg\"><img loading=\"lazy\" decoding=\"async\" class=\"alignnone size-medium wp-image-41018\" src=\"https:\/\/coueron-st-symphorien.fr\/wp-content\/uploads\/2024\/07\/20240124_092115-300x225.jpg\" alt=\"\" width=\"300\" height=\"225\" srcset=\"https:\/\/coueron-st-symphorien.fr\/wp-content\/uploads\/2024\/07\/20240124_092115-300x225.jpg 300w, https:\/\/coueron-st-symphorien.fr\/wp-content\/uploads\/2024\/07\/20240124_092115-1024x768.jpg 1024w, https:\/\/coueron-st-symphorien.fr\/wp-content\/uploads\/2024\/07\/20240124_092115-768x576.jpg 768w, https:\/\/coueron-st-symphorien.fr\/wp-content\/uploads\/2024\/07\/20240124_092115-1536x1152.jpg 1536w, https:\/\/coueron-st-symphorien.fr\/wp-content\/uploads\/2024\/07\/20240124_092115-2048x1536.jpg 2048w\" sizes=\"(max-width: 300px) 100vw, 300px\" \/>&nbsp; <\/a><a href=\"https:\/\/coueron-st-symphorien.fr\/wp-content\/uploads\/2024\/07\/20240709_140335.jpg\"><img loading=\"lazy\" decoding=\"async\" class=\"alignnone size-medium wp-image-41032\" src=\"https:\/\/coueron-st-symphorien.fr\/wp-content\/uploads\/2024\/07\/20240709_140335-225x300.jpg\" alt=\"\" width=\"225\" height=\"300\" srcset=\"https:\/\/coueron-st-symphorien.fr\/wp-content\/uploads\/2024\/07\/20240709_140335-225x300.jpg 225w, https:\/\/coueron-st-symphorien.fr\/wp-content\/uploads\/2024\/07\/20240709_140335-768x1024.jpg 768w, https:\/\/coueron-st-symphorien.fr\/wp-content\/uploads\/2024\/07\/20240709_140335-1152x1536.jpg 1152w, https:\/\/coueron-st-symphorien.fr\/wp-content\/uploads\/2024\/07\/20240709_140335.jpg 1512w\" sizes=\"(max-width: 225px) 100vw, 225px\" \/><\/a><\/p>\n<p>en d\u00e9cembre : jour rouge avec des collages rouges comme Vera Molnar<\/p>\n<p><a href=\"https:\/\/coueron-st-symphorien.fr\/wp-content\/uploads\/2024\/07\/20231201_064928-scaled.jpg\"><img loading=\"lazy\" decoding=\"async\" class=\"alignnone size-medium wp-image-41019\" src=\"https:\/\/coueron-st-symphorien.fr\/wp-content\/uploads\/2024\/07\/20231201_064928-300x169.jpg\" alt=\"\" width=\"300\" height=\"169\" srcset=\"https:\/\/coueron-st-symphorien.fr\/wp-content\/uploads\/2024\/07\/20231201_064928-300x169.jpg 300w, https:\/\/coueron-st-symphorien.fr\/wp-content\/uploads\/2024\/07\/20231201_064928-1024x575.jpg 1024w, https:\/\/coueron-st-symphorien.fr\/wp-content\/uploads\/2024\/07\/20231201_064928-768x432.jpg 768w, https:\/\/coueron-st-symphorien.fr\/wp-content\/uploads\/2024\/07\/20231201_064928-1536x863.jpg 1536w, https:\/\/coueron-st-symphorien.fr\/wp-content\/uploads\/2024\/07\/20231201_064928-2048x1151.jpg 2048w\" sizes=\"(max-width: 300px) 100vw, 300px\" \/>&nbsp; <\/a><a href=\"https:\/\/coueron-st-symphorien.fr\/wp-content\/uploads\/2024\/07\/2024-07-09_22h34_00.png\"><img loading=\"lazy\" decoding=\"async\" class=\"alignnone wp-image-41036\" src=\"https:\/\/coueron-st-symphorien.fr\/wp-content\/uploads\/2024\/07\/2024-07-09_22h34_00-300x300.png\" alt=\"\" width=\"141\" height=\"141\" srcset=\"https:\/\/coueron-st-symphorien.fr\/wp-content\/uploads\/2024\/07\/2024-07-09_22h34_00-300x300.png 300w, https:\/\/coueron-st-symphorien.fr\/wp-content\/uploads\/2024\/07\/2024-07-09_22h34_00-150x150.png 150w, https:\/\/coueron-st-symphorien.fr\/wp-content\/uploads\/2024\/07\/2024-07-09_22h34_00.png 351w\" sizes=\"(max-width: 141px) 100vw, 141px\" \/><\/a><\/p>\n<p>en f\u00e9vrier : jour noir avec un travail autour de Pierre Soulages<\/p>\n<p><a href=\"https:\/\/coueron-st-symphorien.fr\/wp-content\/uploads\/2024\/07\/20240207_092303-scaled.jpg\"><img loading=\"lazy\" decoding=\"async\" class=\"alignnone size-medium wp-image-41022\" src=\"https:\/\/coueron-st-symphorien.fr\/wp-content\/uploads\/2024\/07\/20240207_092303-300x225.jpg\" alt=\"\" width=\"300\" height=\"225\" srcset=\"https:\/\/coueron-st-symphorien.fr\/wp-content\/uploads\/2024\/07\/20240207_092303-300x225.jpg 300w, https:\/\/coueron-st-symphorien.fr\/wp-content\/uploads\/2024\/07\/20240207_092303-1024x768.jpg 1024w, https:\/\/coueron-st-symphorien.fr\/wp-content\/uploads\/2024\/07\/20240207_092303-768x576.jpg 768w, https:\/\/coueron-st-symphorien.fr\/wp-content\/uploads\/2024\/07\/20240207_092303-1536x1152.jpg 1536w, https:\/\/coueron-st-symphorien.fr\/wp-content\/uploads\/2024\/07\/20240207_092303-2048x1536.jpg 2048w\" sizes=\"(max-width: 300px) 100vw, 300px\" \/>&nbsp; <\/a><a href=\"https:\/\/coueron-st-symphorien.fr\/wp-content\/uploads\/2024\/07\/images.jpeg\"><img loading=\"lazy\" decoding=\"async\" class=\"alignnone size-full wp-image-41035\" src=\"https:\/\/coueron-st-symphorien.fr\/wp-content\/uploads\/2024\/07\/images.jpeg\" alt=\"\" width=\"259\" height=\"194\"><\/a><\/p>\n<p>en avril : jour jaune avec la r\u00e9alisation de tournesols comme Vincent VanGogh<\/p>\n<p><a href=\"https:\/\/coueron-st-symphorien.fr\/wp-content\/uploads\/2024\/07\/20240320_093917-scaled.jpg\"><img loading=\"lazy\" decoding=\"async\" class=\"alignnone size-medium wp-image-41020\" src=\"https:\/\/coueron-st-symphorien.fr\/wp-content\/uploads\/2024\/07\/20240320_093917-300x225.jpg\" alt=\"\" width=\"300\" height=\"225\" srcset=\"https:\/\/coueron-st-symphorien.fr\/wp-content\/uploads\/2024\/07\/20240320_093917-300x225.jpg 300w, https:\/\/coueron-st-symphorien.fr\/wp-content\/uploads\/2024\/07\/20240320_093917-1024x768.jpg 1024w, https:\/\/coueron-st-symphorien.fr\/wp-content\/uploads\/2024\/07\/20240320_093917-768x576.jpg 768w, https:\/\/coueron-st-symphorien.fr\/wp-content\/uploads\/2024\/07\/20240320_093917-1536x1152.jpg 1536w, https:\/\/coueron-st-symphorien.fr\/wp-content\/uploads\/2024\/07\/20240320_093917-2048x1536.jpg 2048w\" sizes=\"(max-width: 300px) 100vw, 300px\" \/>&nbsp; <\/a><a href=\"https:\/\/coueron-st-symphorien.fr\/wp-content\/uploads\/2024\/07\/20240709_140446-e1720558320414.jpg\"><img loading=\"lazy\" decoding=\"async\" class=\"alignnone wp-image-41033\" src=\"https:\/\/coueron-st-symphorien.fr\/wp-content\/uploads\/2024\/07\/20240709_140446-e1720558320414-225x300.jpg\" alt=\"\" width=\"173\" height=\"231\" srcset=\"https:\/\/coueron-st-symphorien.fr\/wp-content\/uploads\/2024\/07\/20240709_140446-e1720558320414-225x300.jpg 225w, https:\/\/coueron-st-symphorien.fr\/wp-content\/uploads\/2024\/07\/20240709_140446-e1720558320414-768x1024.jpg 768w, https:\/\/coueron-st-symphorien.fr\/wp-content\/uploads\/2024\/07\/20240709_140446-e1720558320414-1152x1536.jpg 1152w, https:\/\/coueron-st-symphorien.fr\/wp-content\/uploads\/2024\/07\/20240709_140446-e1720558320414.jpg 1512w\" sizes=\"(max-width: 173px) 100vw, 173px\" \/><\/a><\/p>\n<p>et en juin : jour vert avec du land art version Le Douanier Rousseau!<\/p>\n<p><a href=\"https:\/\/coueron-st-symphorien.fr\/wp-content\/uploads\/2024\/07\/20240610_101752-scaled.jpg\"><img loading=\"lazy\" decoding=\"async\" class=\"alignnone size-medium wp-image-41021\" src=\"https:\/\/coueron-st-symphorien.fr\/wp-content\/uploads\/2024\/07\/20240610_101752-300x225.jpg\" alt=\"\" width=\"300\" height=\"225\" srcset=\"https:\/\/coueron-st-symphorien.fr\/wp-content\/uploads\/2024\/07\/20240610_101752-300x225.jpg 300w, https:\/\/coueron-st-symphorien.fr\/wp-content\/uploads\/2024\/07\/20240610_101752-1024x768.jpg 1024w, https:\/\/coueron-st-symphorien.fr\/wp-content\/uploads\/2024\/07\/20240610_101752-768x576.jpg 768w, https:\/\/coueron-st-symphorien.fr\/wp-content\/uploads\/2024\/07\/20240610_101752-1536x1152.jpg 1536w, https:\/\/coueron-st-symphorien.fr\/wp-content\/uploads\/2024\/07\/20240610_101752-2048x1536.jpg 2048w\" sizes=\"(max-width: 300px) 100vw, 300px\" \/><\/a><a href=\"https:\/\/coueron-st-symphorien.fr\/wp-content\/uploads\/2024\/07\/20240709_140415-1.jpg\"> &nbsp;&nbsp;&nbsp;&nbsp; <img loading=\"lazy\" decoding=\"async\" class=\"alignnone wp-image-41038\" src=\"https:\/\/coueron-st-symphorien.fr\/wp-content\/uploads\/2024\/07\/20240709_140415-1-225x300.jpg\" alt=\"\" width=\"177\" height=\"236\" srcset=\"https:\/\/coueron-st-symphorien.fr\/wp-content\/uploads\/2024\/07\/20240709_140415-1-225x300.jpg 225w, https:\/\/coueron-st-symphorien.fr\/wp-content\/uploads\/2024\/07\/20240709_140415-1-768x1024.jpg 768w, https:\/\/coueron-st-symphorien.fr\/wp-content\/uploads\/2024\/07\/20240709_140415-1-1152x1536.jpg 1152w, https:\/\/coueron-st-symphorien.fr\/wp-content\/uploads\/2024\/07\/20240709_140415-1.jpg 1512w\" sizes=\"(max-width: 177px) 100vw, 177px\" \/><\/a><\/p>\n","protected":false},"excerpt":{"rendered":"<p>En suivant les anneaux olympiques nous avons v\u00e9cu des journ\u00e9es couleur cette ann\u00e9e en lien avec des artistes: en octobre : jour bleu&nbsp; avec la reproduction d&rsquo;une oeuvre de Miro &nbsp; en d\u00e9cembre : jour rouge avec des collages rouges comme Vera Molnar &nbsp; en f\u00e9vrier : jour noir avec un travail autour de Pierre<\/p>\n<p><a href=\"https:\/\/coueron-st-symphorien.fr\/?p=41017\" class=\"more-link themebutton\">Lire la suite<\/a><\/p>\n","protected":false},"author":4,"featured_media":0,"comment_status":"closed","ping_status":"closed","sticky":false,"template":"","format":"standard","meta":{"ngg_post_thumbnail":0,"footnotes":""},"categories":[11],"tags":[],"_links":{"self":[{"href":"https:\/\/coueron-st-symphorien.fr\/index.php?rest_route=\/wp\/v2\/posts\/41017"}],"collection":[{"href":"https:\/\/coueron-st-symphorien.fr\/index.php?rest_route=\/wp\/v2\/posts"}],"about":[{"href":"https:\/\/coueron-st-symphorien.fr\/index.php?rest_route=\/wp\/v2\/types\/post"}],"author":[{"embeddable":true,"href":"https:\/\/coueron-st-symphorien.fr\/index.php?rest_route=\/wp\/v2\/users\/4"}],"replies":[{"embeddable":true,"href":"https:\/\/coueron-st-symphorien.fr\/index.php?rest_route=%2Fwp%2Fv2%2Fcomments&post=41017"}],"version-history":[{"count":4,"href":"https:\/\/coueron-st-symphorien.fr\/index.php?rest_route=\/wp\/v2\/posts\/41017\/revisions"}],"predecessor-version":[{"id":41040,"href":"https:\/\/coueron-st-symphorien.fr\/index.php?rest_route=\/wp\/v2\/posts\/41017\/revisions\/41040"}],"wp:attachment":[{"href":"https:\/\/coueron-st-symphorien.fr\/index.php?rest_route=%2Fwp%2Fv2%2Fmedia&parent=41017"}],"wp:term":[{"taxonomy":"category","embeddable":true,"href":"https:\/\/coueron-st-symphorien.fr\/index.php?rest_route=%2Fwp%2Fv2%2Fcategories&post=41017"},{"taxonomy":"post_tag","embeddable":true,"href":"https:\/\/coueron-st-symphorien.fr\/index.php?rest_route=%2Fwp%2Fv2%2Ftags&post=41017"}],"curies":[{"name":"wp","href":"https:\/\/api.w.org\/{rel}","templated":true}]}}