{"id":4047,"date":"2017-10-12T18:35:00","date_gmt":"2017-10-12T17:35:00","guid":{"rendered":"https:\/\/coueron-st-symphorien.fr\/?p=4047"},"modified":"2017-10-14T14:45:32","modified_gmt":"2017-10-14T13:45:32","slug":"le-projet-est-lance-ensemble-devenons-des-chercheurs-des-scientifiques-activons-nos-meninges","status":"publish","type":"post","link":"https:\/\/coueron-st-symphorien.fr\/?p=4047","title":{"rendered":"Le projet est lanc\u00e9!  ENSEMBLE, DEVENONS DES CHERCHEURS, DES SCIENTIFIQUES, ACTIVONS NOS MENINGES!"},"content":{"rendered":"<p>Ca y est le projet de l&rsquo;ann\u00e9e n&rsquo;est plus un secret!<\/p>\n<p>Tout au long de la semaine, des d\u00e9fis scientifiques ont \u00e9t\u00e9 lanc\u00e9s aux \u00e9l\u00e8ves.<\/p>\n<p>Lundi, il leur a fallu \u00e9quilibrer sur un cintre trois trousses de poids diff\u00e9rents.<\/p>\nngg_shortcode_0_placeholder\n<p>Mardi, c&rsquo;\u00e9tait un cocktail multicolore qu&rsquo;il fallait concocter en utilisant trois des 4 ingr\u00e9dients \u00e0 disposition (liquide vaisselle, huile, eau et sirop de grenadine).<\/p>\n<p>&nbsp;<\/p>\nngg_shortcode_1_placeholder\n<p>Mercredi, \u00e0 l&rsquo;aide d&rsquo;une lampe et d&rsquo;un miroir, il fallait r\u00e9ussir \u00e0 faire deux ombres diff\u00e9rentes de leur tube de colle.&nbsp;&nbsp;<em>(D\u00e9sol\u00e9e, pas de photos&#8230; la ma\u00eetresse a oubli\u00e9&#8230;;-) )<\/em><\/p>\n<p>Jeudi, un message \u00e9tait \u00e0 d\u00e9coder. En superposant trois feuilles, les mots &lsquo;DES CHERCHEURS\u00a0\u00bb sont apparus.&nbsp;<\/p>\nngg_shortcode_2_placeholder\n<p>Les \u00e9l\u00e8ves des 6 classes du CE1 au CM2 se sont retrouv\u00e9s sur la cour pour reconstituer la phrase:<\/p>\n<p>ENSEMBLE, DEVENONS DES SCIENTIFIQUES, DES CHERCHEURS. ACTIVONS NOS MENINGES !<\/p>\n<p><a href=\"https:\/\/coueron-st-symphorien.fr\/wp-content\/uploads\/2017\/10\/IMG_3369.jpg\"><img loading=\"lazy\" decoding=\"async\" class=\" wp-image-4069 aligncenter\" src=\"https:\/\/coueron-st-symphorien.fr\/wp-content\/uploads\/2017\/10\/IMG_3369-300x225.jpg\" alt=\"\" width=\"362\" height=\"272\"><\/a><\/p>\n<p>D\u00e8s vendredi les enfants vont participer \u00e0 la FETE DE LA SCIENCE \u00e0 l&rsquo;\u00e9cole d&rsquo;architecture de Nantes.<\/p>\n","protected":false},"excerpt":{"rendered":"<p>Ca y est le projet de l&rsquo;ann\u00e9e n&rsquo;est plus un secret! Tout au long de la semaine, des d\u00e9fis scientifiques ont \u00e9t\u00e9 lanc\u00e9s aux \u00e9l\u00e8ves. Lundi, il leur a fallu \u00e9quilibrer sur un cintre trois trousses de poids diff\u00e9rents. \u00a0\u00bb order_by=\u00a0\u00bbsortorder\u00a0\u00bb order_direction=\u00a0\u00bbASC\u00a0\u00bb returns=\u00a0\u00bbincluded\u00a0\u00bb maximum_entity_count=\u00a0\u00bb500&Prime;] Mardi, c&rsquo;\u00e9tait un cocktail multicolore qu&rsquo;il fallait concocter en utilisant trois<\/p>\n<p><a href=\"https:\/\/coueron-st-symphorien.fr\/?p=4047\" class=\"more-link themebutton\">Lire la suite<\/a><\/p>\n","protected":false},"author":5,"featured_media":0,"comment_status":"closed","ping_status":"closed","sticky":false,"template":"","format":"standard","meta":{"ngg_post_thumbnail":0,"footnotes":""},"categories":[19],"tags":[],"_links":{"self":[{"href":"https:\/\/coueron-st-symphorien.fr\/index.php?rest_route=\/wp\/v2\/posts\/4047"}],"collection":[{"href":"https:\/\/coueron-st-symphorien.fr\/index.php?rest_route=\/wp\/v2\/posts"}],"about":[{"href":"https:\/\/coueron-st-symphorien.fr\/index.php?rest_route=\/wp\/v2\/types\/post"}],"author":[{"embeddable":true,"href":"https:\/\/coueron-st-symphorien.fr\/index.php?rest_route=\/wp\/v2\/users\/5"}],"replies":[{"embeddable":true,"href":"https:\/\/coueron-st-symphorien.fr\/index.php?rest_route=%2Fwp%2Fv2%2Fcomments&post=4047"}],"version-history":[{"count":10,"href":"https:\/\/coueron-st-symphorien.fr\/index.php?rest_route=\/wp\/v2\/posts\/4047\/revisions"}],"predecessor-version":[{"id":4239,"href":"https:\/\/coueron-st-symphorien.fr\/index.php?rest_route=\/wp\/v2\/posts\/4047\/revisions\/4239"}],"wp:attachment":[{"href":"https:\/\/coueron-st-symphorien.fr\/index.php?rest_route=%2Fwp%2Fv2%2Fmedia&parent=4047"}],"wp:term":[{"taxonomy":"category","embeddable":true,"href":"https:\/\/coueron-st-symphorien.fr\/index.php?rest_route=%2Fwp%2Fv2%2Fcategories&post=4047"},{"taxonomy":"post_tag","embeddable":true,"href":"https:\/\/coueron-st-symphorien.fr\/index.php?rest_route=%2Fwp%2Fv2%2Ftags&post=4047"}],"curies":[{"name":"wp","href":"https:\/\/api.w.org\/{rel}","templated":true}]}}