{"id":39412,"date":"2024-05-05T09:29:45","date_gmt":"2024-05-05T08:29:45","guid":{"rendered":"https:\/\/coueron-st-symphorien.fr\/?p=39412"},"modified":"2024-05-05T09:30:20","modified_gmt":"2024-05-05T08:30:20","slug":"une-fete-du-partage-reussie-2","status":"publish","type":"post","link":"https:\/\/coueron-st-symphorien.fr\/?p=39412","title":{"rendered":"Une f\u00eate du partage pour tous"},"content":{"rendered":"<p>Comme chaque ann\u00e9e, la f\u00eate du Partage a r\u00e9uni les \u00e9l\u00e8ves de l&rsquo;\u00e9cole avant les vacances de printemps.<\/p>\n<p>Pour la premi\u00e8re fois cette ann\u00e9e, les \u00e9l\u00e8ves de maternelle et d&rsquo;\u00e9l\u00e9mentaire \u00e9taient r\u00e9unis dans les m\u00eames \u00e9quipes pour participer aux activit\u00e9s anim\u00e9s par les CM2 et le personnel de l&rsquo;\u00e9cole: activit\u00e9 cr\u00e9ative avec la r\u00e9alisation d&rsquo;affiches pour le J-100 avant les Jeux olympiques, atelier maquillage, parcours de coop\u00e9ration, parcours \u00e0 v\u00e9lo ou \u00e0 trottinette, brocante.<\/p>\n<p>Les plus grands guidaient les plus jeunes \u00e0 travers les diff\u00e9rents ateliers dans l&rsquo;esprit de fraternit\u00e9 qui anime ce temps fort.&nbsp;<\/p>\n<p>A la fin de cette belle matin\u00e9e, tous les \u00e9l\u00e8ves \u00e9taient invit\u00e9s \u00e0 faire le flashmob sur la chanson de Soprano, \u00ab\u00a0Le coach\u00a0\u00bb, puis les CM2 volontaires ont particip\u00e9 \u00e0 une course en sac sous les encouragements de leurs camarades.<\/p>\n<p>A l&rsquo;occasion de la f\u00eate du partage, deux interventions ont eu lieu chez les \u00e9l\u00e8ves du CP au CM2: deux b\u00e9n\u00e9voles des Restos du Coeur de Cou\u00ebron ont expliqu\u00e9 le r\u00f4le et l&rsquo;importance de leur association afin de donner du sens \u00e0 la collecte r\u00e9alis\u00e9e aupr\u00e8s des familles qui a permis d&rsquo;apporter 247 kilos de denr\u00e9es cette ann\u00e9e.<\/p>\n<p>Le pr\u00eatre de la paroisse est \u00e9galement venu dans les classes d&rsquo;\u00e9l\u00e9mentaire expliquer le sens des f\u00eates pascales.<\/p>\nngg_shortcode_0_placeholder\n","protected":false},"excerpt":{"rendered":"<p>Comme chaque ann\u00e9e, la f\u00eate du Partage a r\u00e9uni les \u00e9l\u00e8ves de l&rsquo;\u00e9cole avant les vacances de printemps. Pour la premi\u00e8re fois cette ann\u00e9e, les \u00e9l\u00e8ves de maternelle et d&rsquo;\u00e9l\u00e9mentaire \u00e9taient r\u00e9unis dans les m\u00eames \u00e9quipes pour participer aux activit\u00e9s anim\u00e9s par les CM2 et le personnel de l&rsquo;\u00e9cole: activit\u00e9 cr\u00e9ative avec la r\u00e9alisation d&rsquo;affiches<\/p>\n<p><a href=\"https:\/\/coueron-st-symphorien.fr\/?p=39412\" class=\"more-link themebutton\">Lire la suite<\/a><\/p>\n","protected":false},"author":7,"featured_media":0,"comment_status":"closed","ping_status":"closed","sticky":false,"template":"","format":"standard","meta":{"ngg_post_thumbnail":0,"footnotes":""},"categories":[17,18,19,21,20,22,16,15,14,13,75,12,11],"tags":[],"_links":{"self":[{"href":"https:\/\/coueron-st-symphorien.fr\/index.php?rest_route=\/wp\/v2\/posts\/39412"}],"collection":[{"href":"https:\/\/coueron-st-symphorien.fr\/index.php?rest_route=\/wp\/v2\/posts"}],"about":[{"href":"https:\/\/coueron-st-symphorien.fr\/index.php?rest_route=\/wp\/v2\/types\/post"}],"author":[{"embeddable":true,"href":"https:\/\/coueron-st-symphorien.fr\/index.php?rest_route=\/wp\/v2\/users\/7"}],"replies":[{"embeddable":true,"href":"https:\/\/coueron-st-symphorien.fr\/index.php?rest_route=%2Fwp%2Fv2%2Fcomments&post=39412"}],"version-history":[{"count":3,"href":"https:\/\/coueron-st-symphorien.fr\/index.php?rest_route=\/wp\/v2\/posts\/39412\/revisions"}],"predecessor-version":[{"id":39415,"href":"https:\/\/coueron-st-symphorien.fr\/index.php?rest_route=\/wp\/v2\/posts\/39412\/revisions\/39415"}],"wp:attachment":[{"href":"https:\/\/coueron-st-symphorien.fr\/index.php?rest_route=%2Fwp%2Fv2%2Fmedia&parent=39412"}],"wp:term":[{"taxonomy":"category","embeddable":true,"href":"https:\/\/coueron-st-symphorien.fr\/index.php?rest_route=%2Fwp%2Fv2%2Fcategories&post=39412"},{"taxonomy":"post_tag","embeddable":true,"href":"https:\/\/coueron-st-symphorien.fr\/index.php?rest_route=%2Fwp%2Fv2%2Ftags&post=39412"}],"curies":[{"name":"wp","href":"https:\/\/api.w.org\/{rel}","templated":true}]}}