{"id":38683,"date":"2024-02-23T16:30:34","date_gmt":"2024-02-23T15:30:34","guid":{"rendered":"https:\/\/coueron-st-symphorien.fr\/?p=38683"},"modified":"2024-02-24T15:28:13","modified_gmt":"2024-02-24T14:28:13","slug":"fete-de-lart-et-de-la-culture-2","status":"publish","type":"post","link":"https:\/\/coueron-st-symphorien.fr\/?p=38683","title":{"rendered":"F\u00eate de l&rsquo;art et de la culture"},"content":{"rendered":"<p>Cette semaine \u00ab&nbsp;Art et culture&nbsp;\u00bb \u00e0 l\u2019\u00e9cole s\u2019est cl\u00f4tur\u00e9e par l\u2019exposition des \u0153uvres de tous les \u00e9l\u00e8ves en lien avec le projet sur les Jeux Olympiques. Nous avons pu voir notamment des flammes olympiques en mat\u00e9riaux recyclables qui ont \u00e9t\u00e9 cr\u00e9\u00e9es entre anges-gardiens. Les \u00e9l\u00e8ves ont ainsi relev\u00e9 le d\u00e9fi propos\u00e9 par l\u2019UGSEL 44 (la f\u00e9d\u00e9ration fran\u00e7aise de sport scolaire de l&rsquo;enseignement priv\u00e9).<\/p>\n<p>En amont, les \u00e9l\u00e8ves de chaque classe ont r\u00e9fl\u00e9chi \u00e0 la question: <span style=\"color: #ff9900\">COMMENT REPRESENTER LE CORPS DANS L\u2019ART&nbsp;?<\/span><\/p>\n<p>Apr\u00e8s une visite par classe, les \u00e9l\u00e8ves ont convi\u00e9 leurs proches en fin de journ\u00e9e pour le vernissage ! Les familles sont venues nombreuses d\u00e9ambuler dans le parcours artistique. Un \u00ab&nbsp;studio photo&nbsp;\u00bb \u00e0 la mani\u00e8re de l\u2019artiste malien, Malick Sibide, a \u00e9t\u00e9 install\u00e9.<\/p>\n<p>Petits et grands se sont laiss\u00e9s prendre au jeu en prenant la pose avec un accessoire sportif&nbsp;!<\/p>\n<p>Bravo \u00e0 tous les artistes !<\/p>\n<p>Les \u00e9l\u00e8ves ont ensuite propos\u00e9 des titres pour l\u2019exposition&nbsp;:<\/p>\n<p>CP A&nbsp;: Le sport et le corps dans l&rsquo;art.<\/p>\n<p>CE1&nbsp;: Le corps dans l\u2019art du sport de l\u2019\u00e9cole Saint-Symphorien<\/p>\n<p>CE2&nbsp;:<\/p>\n<p><strong>J<\/strong>oueur&nbsp;&nbsp;&nbsp;&nbsp;&nbsp;&nbsp;&nbsp; <strong>O<\/strong>euvres<\/p>\n<p><strong>E<\/strong>nergie&nbsp;&nbsp;&nbsp;&nbsp;&nbsp; <strong>L<\/strong>\u2019art<\/p>\n<p><strong>U<\/strong>ne f\u00eate&nbsp;&nbsp;&nbsp;&nbsp; <strong>Y<\/strong>oupi&nbsp;!<\/p>\n<p>e<strong>X<\/strong>tra&nbsp;&nbsp;&nbsp;&nbsp;&nbsp;&nbsp;&nbsp;&nbsp;&nbsp;&nbsp; <strong>M<\/strong>ulticolore<\/p>\n<p>&nbsp;&nbsp;&nbsp;&nbsp;&nbsp;&nbsp;&nbsp;&nbsp;&nbsp;&nbsp;&nbsp;&nbsp;&nbsp;&nbsp;&nbsp;&nbsp;&nbsp;&nbsp;&nbsp; <strong>P<\/strong>hryge<\/p>\n<p>&nbsp;&nbsp;&nbsp;&nbsp;&nbsp;&nbsp;&nbsp;&nbsp;&nbsp;&nbsp;&nbsp;&nbsp;&nbsp;&nbsp;&nbsp;&nbsp;&nbsp;&nbsp;&nbsp; <strong>I<\/strong>noubliable<\/p>\n<p>&nbsp;&nbsp;&nbsp;&nbsp;&nbsp;&nbsp;&nbsp;&nbsp;&nbsp;&nbsp;&nbsp;&nbsp;&nbsp;&nbsp;&nbsp;&nbsp;&nbsp;&nbsp;&nbsp; <strong>Q<\/strong>ue c\u2019\u00e9tait beau&nbsp;<\/p>\n<p>&nbsp;&nbsp;&nbsp;&nbsp;&nbsp;&nbsp;&nbsp;&nbsp;&nbsp;&nbsp;&nbsp;&nbsp;&nbsp;&nbsp;&nbsp;&nbsp;&nbsp;&nbsp;&nbsp; <strong>U<\/strong>niforme<\/p>\n<p>&nbsp;&nbsp;&nbsp;&nbsp;&nbsp;&nbsp;&nbsp;&nbsp;&nbsp;&nbsp;&nbsp;&nbsp;&nbsp;&nbsp;&nbsp;&nbsp;&nbsp;&nbsp;&nbsp; <strong>E<\/strong>xposition&nbsp;<\/p>\n<p>&nbsp;&nbsp;&nbsp;&nbsp;&nbsp;&nbsp;&nbsp;&nbsp;&nbsp;&nbsp;&nbsp;&nbsp;&nbsp;&nbsp;&nbsp;&nbsp;&nbsp;&nbsp;&nbsp; <strong>S<\/strong>portif&nbsp;&nbsp;&nbsp;&nbsp;&nbsp;&nbsp;&nbsp;&nbsp;&nbsp;&nbsp;&nbsp;&nbsp;&nbsp;&nbsp;&nbsp;&nbsp;&nbsp; &nbsp;&nbsp;&nbsp;&nbsp;&nbsp;&nbsp;&nbsp;&nbsp;&nbsp;&nbsp;&nbsp;<\/p>\n<p>MS GS de C\u00e9cile B: Le corps en mouvement<\/p>\n<p>PS MS: Les sports agitent leurs couleurs!<br \/>\nPS: Le sport c\u2019est chouette<br \/>\nMS GS de Florence: L\u2019exposition olym\u2019 tistique de l\u2019\u00e9cole St Symphorien<\/p>\n<p>MS GS de C\u00e9cile V: Sport exposition<\/p>\n<p>CP B: L&rsquo;exposition sportive&nbsp; &nbsp;<\/p>\n<p>ngg_shortcode_0_placeholderngg_shortcode_1_placeholder&nbsp;&nbsp;&nbsp;&nbsp;<\/p>\n","protected":false},"excerpt":{"rendered":"<p>Cette semaine \u00ab&nbsp;Art et culture&nbsp;\u00bb \u00e0 l\u2019\u00e9cole s\u2019est cl\u00f4tur\u00e9e par l\u2019exposition des \u0153uvres de tous les \u00e9l\u00e8ves en lien avec le projet sur les Jeux Olympiques. Nous avons pu voir notamment des flammes olympiques en mat\u00e9riaux recyclables qui ont \u00e9t\u00e9 cr\u00e9\u00e9es entre anges-gardiens. Les \u00e9l\u00e8ves ont ainsi relev\u00e9 le d\u00e9fi propos\u00e9 par l\u2019UGSEL 44 (la<\/p>\n<p><a href=\"https:\/\/coueron-st-symphorien.fr\/?p=38683\" class=\"more-link themebutton\">Lire la suite<\/a><\/p>\n","protected":false},"author":14,"featured_media":0,"comment_status":"closed","ping_status":"closed","sticky":false,"template":"","format":"standard","meta":{"ngg_post_thumbnail":0,"footnotes":""},"categories":[17,18,19,21,20,22,16,15,5,6,14,13,75,12,11],"tags":[],"_links":{"self":[{"href":"https:\/\/coueron-st-symphorien.fr\/index.php?rest_route=\/wp\/v2\/posts\/38683"}],"collection":[{"href":"https:\/\/coueron-st-symphorien.fr\/index.php?rest_route=\/wp\/v2\/posts"}],"about":[{"href":"https:\/\/coueron-st-symphorien.fr\/index.php?rest_route=\/wp\/v2\/types\/post"}],"author":[{"embeddable":true,"href":"https:\/\/coueron-st-symphorien.fr\/index.php?rest_route=\/wp\/v2\/users\/14"}],"replies":[{"embeddable":true,"href":"https:\/\/coueron-st-symphorien.fr\/index.php?rest_route=%2Fwp%2Fv2%2Fcomments&post=38683"}],"version-history":[{"count":2,"href":"https:\/\/coueron-st-symphorien.fr\/index.php?rest_route=\/wp\/v2\/posts\/38683\/revisions"}],"predecessor-version":[{"id":38688,"href":"https:\/\/coueron-st-symphorien.fr\/index.php?rest_route=\/wp\/v2\/posts\/38683\/revisions\/38688"}],"wp:attachment":[{"href":"https:\/\/coueron-st-symphorien.fr\/index.php?rest_route=%2Fwp%2Fv2%2Fmedia&parent=38683"}],"wp:term":[{"taxonomy":"category","embeddable":true,"href":"https:\/\/coueron-st-symphorien.fr\/index.php?rest_route=%2Fwp%2Fv2%2Fcategories&post=38683"},{"taxonomy":"post_tag","embeddable":true,"href":"https:\/\/coueron-st-symphorien.fr\/index.php?rest_route=%2Fwp%2Fv2%2Ftags&post=38683"}],"curies":[{"name":"wp","href":"https:\/\/api.w.org\/{rel}","templated":true}]}}