{"id":38681,"date":"2024-02-23T16:50:19","date_gmt":"2024-02-23T15:50:19","guid":{"rendered":"https:\/\/coueron-st-symphorien.fr\/?p=38681"},"modified":"2024-02-23T16:50:19","modified_gmt":"2024-02-23T15:50:19","slug":"les-musiciens-en-herbe","status":"publish","type":"post","link":"https:\/\/coueron-st-symphorien.fr\/?p=38681","title":{"rendered":"Les musiciens en herbe"},"content":{"rendered":"<p style=\"text-align: center\">La musique est \u00e9galement \u00e0 l\u2019honneur lors de la Semaine \u00ab\u00a0Arts et culture\u00a0\u00bb. En effet, certains \u00e9l\u00e8ves musiciens des classes de Ce1 au Cm2&nbsp; ont pr\u00e9sent\u00e9 leurs instruments et jou\u00e9 quelques notes.&nbsp; Gr\u00e2ce \u00e0 ces volontaires, nous avons pu d\u00e9couvrir la harpe, le piano, la fl\u00fbte traversi\u00e8re, l&rsquo;harmonica et la batterie.<\/p>\n<p style=\"text-align: center\">&nbsp;Un beau moment de partage qui va nous servir de tremplin pour le travail musical en classe \u00e0 notre retour des vacances et qui fera peut-\u00eatre na\u00eetre des vocations chez nos jeunes spectateurs\u2026<\/p>\nngg_shortcode_0_placeholder\n","protected":false},"excerpt":{"rendered":"<p>La musique est \u00e9galement \u00e0 l\u2019honneur lors de la Semaine \u00ab\u00a0Arts et culture\u00a0\u00bb. En effet, certains \u00e9l\u00e8ves musiciens des classes de Ce1 au Cm2&nbsp; ont pr\u00e9sent\u00e9 leurs instruments et jou\u00e9 quelques notes.&nbsp; Gr\u00e2ce \u00e0 ces volontaires, nous avons pu d\u00e9couvrir la harpe, le piano, la fl\u00fbte traversi\u00e8re, l&rsquo;harmonica et la batterie. &nbsp;Un beau moment de<\/p>\n<p><a href=\"https:\/\/coueron-st-symphorien.fr\/?p=38681\" class=\"more-link themebutton\">Lire la suite<\/a><\/p>\n","protected":false},"author":19,"featured_media":0,"comment_status":"closed","ping_status":"closed","sticky":false,"template":"","format":"standard","meta":{"ngg_post_thumbnail":0,"footnotes":""},"categories":[17,18,19,21,20,22,16,15,14,13,75,1,12,11],"tags":[],"_links":{"self":[{"href":"https:\/\/coueron-st-symphorien.fr\/index.php?rest_route=\/wp\/v2\/posts\/38681"}],"collection":[{"href":"https:\/\/coueron-st-symphorien.fr\/index.php?rest_route=\/wp\/v2\/posts"}],"about":[{"href":"https:\/\/coueron-st-symphorien.fr\/index.php?rest_route=\/wp\/v2\/types\/post"}],"author":[{"embeddable":true,"href":"https:\/\/coueron-st-symphorien.fr\/index.php?rest_route=\/wp\/v2\/users\/19"}],"replies":[{"embeddable":true,"href":"https:\/\/coueron-st-symphorien.fr\/index.php?rest_route=%2Fwp%2Fv2%2Fcomments&post=38681"}],"version-history":[{"count":2,"href":"https:\/\/coueron-st-symphorien.fr\/index.php?rest_route=\/wp\/v2\/posts\/38681\/revisions"}],"predecessor-version":[{"id":38686,"href":"https:\/\/coueron-st-symphorien.fr\/index.php?rest_route=\/wp\/v2\/posts\/38681\/revisions\/38686"}],"wp:attachment":[{"href":"https:\/\/coueron-st-symphorien.fr\/index.php?rest_route=%2Fwp%2Fv2%2Fmedia&parent=38681"}],"wp:term":[{"taxonomy":"category","embeddable":true,"href":"https:\/\/coueron-st-symphorien.fr\/index.php?rest_route=%2Fwp%2Fv2%2Fcategories&post=38681"},{"taxonomy":"post_tag","embeddable":true,"href":"https:\/\/coueron-st-symphorien.fr\/index.php?rest_route=%2Fwp%2Fv2%2Ftags&post=38681"}],"curies":[{"name":"wp","href":"https:\/\/api.w.org\/{rel}","templated":true}]}}