{"id":38253,"date":"2024-02-20T22:11:44","date_gmt":"2024-02-20T21:11:44","guid":{"rendered":"https:\/\/coueron-st-symphorien.fr\/?p=38253"},"modified":"2024-02-20T22:11:44","modified_gmt":"2024-02-20T21:11:44","slug":"la-flamme-olympique","status":"publish","type":"post","link":"https:\/\/coueron-st-symphorien.fr\/?p=38253","title":{"rendered":"La flamme olympique"},"content":{"rendered":"<p>Depuis la rentr\u00e9e de septembre, en partenariat avec l\u2019Ugsel 44, la flamme olympique<br \/>\ncircule dans les \u00e9coles du d\u00e9partement et d\u2019ici juin, elle sera pass\u00e9e dans l\u2019ensemble<br \/>\ndes \u00e9tablissements de l\u2019enseignement catholique du dioc\u00e8se.<br \/>\nCe vendredi 9 f\u00e9vrier 2023, nous avons accueilli la d\u00e9l\u00e9gation de l\u2019\u00e9cole St Jean-<br \/>\nBaptiste de Sautron.<br \/>\nA leur arriv\u00e9e, les \u00e9l\u00e8ves de l\u2019\u00e9cole ont form\u00e9 un cort\u00e8ge avec les classes anges-<br \/>\ngardiens sur la cour de l\u2019\u00e9cole et symboliquement, les d\u00e9l\u00e9gu\u00e9s de Sautron ont<br \/>\ntransmis la flamme olympique \u00e0 ceux de St Symphorien.<br \/>\nLes d\u00e9l\u00e9gu\u00e9s des 2 \u00e9coles se sont retrouv\u00e9s ensuite en salle polyvalente, pour<br \/>\npartager un go\u00fbter et cl\u00f4turer ce temps convivial.<br \/>\nLundi 12 f\u00e9vrier 2023, le matin, les classes de l\u2019\u00e9cole se sont retrouv\u00e9es pour la<br \/>\nc\u00e9r\u00e9monie de la flamme dans la salle Boullery. Cela a \u00e9t\u00e9 l\u2019occasion de redire le<br \/>\nserment olympique, de parler des jeux au temps de l\u2019Antiquit\u00e9 et de chanter<br \/>\nensemble.<br \/>\nEnfin, mardi 13 f\u00e9vrier, s\u2019est faite la passation de la flamme entre les d\u00e9l\u00e9gu\u00e9s de<br \/>\nl\u2019\u00e9cole et ceux du coll\u00e8ge Ste Philom\u00e8ne. La flamme a progress\u00e9 sous la forme d\u2019un<br \/>\nrelai entre les deux \u00e9tablissements.<br \/>\nCes diff\u00e9rents temps forts ont \u00e9t\u00e9 l\u2019occasion de vivre encore une fois, de beaux<br \/>\nmoments de partage.<\/p>\n<div style=\"width: 1170px;\" class=\"wp-video\"><!--[if lt IE 9]><script>document.createElement('video');<\/script><![endif]-->\n<video class=\"wp-video-shortcode\" id=\"video-38253-1\" width=\"1170\" height=\"658\" preload=\"metadata\" controls=\"controls\"><source type=\"video\/mp4\" src=\"https:\/\/coueron-st-symphorien.fr\/wp-content\/uploads\/2024\/02\/Copie-de-20240209_150544.mp4?_=1\" \/><a href=\"https:\/\/coueron-st-symphorien.fr\/wp-content\/uploads\/2024\/02\/Copie-de-20240209_150544.mp4\">https:\/\/coueron-st-symphorien.fr\/wp-content\/uploads\/2024\/02\/Copie-de-20240209_150544.mp4<\/a><\/video><\/div>\n<p>ngg_shortcode_0_placeholderPassage de la flamme \u00e9cole St Symphorien\/ \u00e9cole de Sautron St Jean-Baptiste&nbsp;<\/p>\n<p>ngg_shortcode_1_placeholderC\u00e9r\u00e9monie de la flamme lundi 12 f\u00e9vrier<\/p>\n<p>ngg_shortcode_2_placeholderPassage de la flamme \u00e9cole St Symphorien \/ Coll\u00e8ge St Philom\u00e8ne&nbsp;<\/p>\n","protected":false},"excerpt":{"rendered":"<p>Depuis la rentr\u00e9e de septembre, en partenariat avec l\u2019Ugsel 44, la flamme olympique circule dans les \u00e9coles du d\u00e9partement et d\u2019ici juin, elle sera pass\u00e9e dans l\u2019ensemble des \u00e9tablissements de l\u2019enseignement catholique du dioc\u00e8se. Ce vendredi 9 f\u00e9vrier 2023, nous avons accueilli la d\u00e9l\u00e9gation de l\u2019\u00e9cole St Jean- Baptiste de Sautron. A leur arriv\u00e9e, les<\/p>\n<p><a href=\"https:\/\/coueron-st-symphorien.fr\/?p=38253\" class=\"more-link themebutton\">Lire la suite<\/a><\/p>\n","protected":false},"author":25,"featured_media":0,"comment_status":"closed","ping_status":"closed","sticky":false,"template":"","format":"standard","meta":{"ngg_post_thumbnail":0,"footnotes":""},"categories":[17,18,19,21,20,22,16,15,14,13,75,12,11],"tags":[],"_links":{"self":[{"href":"https:\/\/coueron-st-symphorien.fr\/index.php?rest_route=\/wp\/v2\/posts\/38253"}],"collection":[{"href":"https:\/\/coueron-st-symphorien.fr\/index.php?rest_route=\/wp\/v2\/posts"}],"about":[{"href":"https:\/\/coueron-st-symphorien.fr\/index.php?rest_route=\/wp\/v2\/types\/post"}],"author":[{"embeddable":true,"href":"https:\/\/coueron-st-symphorien.fr\/index.php?rest_route=\/wp\/v2\/users\/25"}],"replies":[{"embeddable":true,"href":"https:\/\/coueron-st-symphorien.fr\/index.php?rest_route=%2Fwp%2Fv2%2Fcomments&post=38253"}],"version-history":[{"count":7,"href":"https:\/\/coueron-st-symphorien.fr\/index.php?rest_route=\/wp\/v2\/posts\/38253\/revisions"}],"predecessor-version":[{"id":38310,"href":"https:\/\/coueron-st-symphorien.fr\/index.php?rest_route=\/wp\/v2\/posts\/38253\/revisions\/38310"}],"wp:attachment":[{"href":"https:\/\/coueron-st-symphorien.fr\/index.php?rest_route=%2Fwp%2Fv2%2Fmedia&parent=38253"}],"wp:term":[{"taxonomy":"category","embeddable":true,"href":"https:\/\/coueron-st-symphorien.fr\/index.php?rest_route=%2Fwp%2Fv2%2Fcategories&post=38253"},{"taxonomy":"post_tag","embeddable":true,"href":"https:\/\/coueron-st-symphorien.fr\/index.php?rest_route=%2Fwp%2Fv2%2Ftags&post=38253"}],"curies":[{"name":"wp","href":"https:\/\/api.w.org\/{rel}","templated":true}]}}