{"id":38076,"date":"2024-02-09T17:18:31","date_gmt":"2024-02-09T16:18:31","guid":{"rendered":"https:\/\/coueron-st-symphorien.fr\/?p=38076"},"modified":"2024-02-09T17:18:31","modified_gmt":"2024-02-09T16:18:31","slug":"lecture-aux-eleves-de-maternelle-2","status":"publish","type":"post","link":"https:\/\/coueron-st-symphorien.fr\/?p=38076","title":{"rendered":"Lecture aux \u00e9l\u00e8ves de maternelle"},"content":{"rendered":"<p>Jeudi matin 8 f\u00e9vrier, nous sommes all\u00e9s lire un livre aux \u00e9l\u00e8ves de la maternelle. Nous avons pr\u00e9par\u00e9 la lecture en classe, nous avons pr\u00e9par\u00e9 aussi des questions \u00e0 poser aux \u00e9l\u00e8ves sur l&rsquo;histoire. Nous \u00e9tions r\u00e9partis dans les 5 classes de maternelle. Chaque \u00e9l\u00e8ve de CE a lu son livre \u00e0 un petit groupe d&rsquo;\u00e9l\u00e8ves de maternelle. Les petits ont ador\u00e9 \u00e9couter notre histoire ! Nous y retournerons jeudi prochain.<\/p>\nngg_shortcode_0_placeholder\n","protected":false},"excerpt":{"rendered":"<p>Jeudi matin 8 f\u00e9vrier, nous sommes all\u00e9s lire un livre aux \u00e9l\u00e8ves de la maternelle. Nous avons pr\u00e9par\u00e9 la lecture en classe, nous avons pr\u00e9par\u00e9 aussi des questions \u00e0 poser aux \u00e9l\u00e8ves sur l&rsquo;histoire. Nous \u00e9tions r\u00e9partis dans les 5 classes de maternelle. Chaque \u00e9l\u00e8ve de CE a lu son livre \u00e0 un petit groupe<\/p>\n<p><a href=\"https:\/\/coueron-st-symphorien.fr\/?p=38076\" class=\"more-link themebutton\">Lire la suite<\/a><\/p>\n","protected":false},"author":6,"featured_media":0,"comment_status":"closed","ping_status":"closed","sticky":false,"template":"","format":"standard","meta":{"ngg_post_thumbnail":0,"footnotes":""},"categories":[18],"tags":[],"_links":{"self":[{"href":"https:\/\/coueron-st-symphorien.fr\/index.php?rest_route=\/wp\/v2\/posts\/38076"}],"collection":[{"href":"https:\/\/coueron-st-symphorien.fr\/index.php?rest_route=\/wp\/v2\/posts"}],"about":[{"href":"https:\/\/coueron-st-symphorien.fr\/index.php?rest_route=\/wp\/v2\/types\/post"}],"author":[{"embeddable":true,"href":"https:\/\/coueron-st-symphorien.fr\/index.php?rest_route=\/wp\/v2\/users\/6"}],"replies":[{"embeddable":true,"href":"https:\/\/coueron-st-symphorien.fr\/index.php?rest_route=%2Fwp%2Fv2%2Fcomments&post=38076"}],"version-history":[{"count":2,"href":"https:\/\/coueron-st-symphorien.fr\/index.php?rest_route=\/wp\/v2\/posts\/38076\/revisions"}],"predecessor-version":[{"id":38107,"href":"https:\/\/coueron-st-symphorien.fr\/index.php?rest_route=\/wp\/v2\/posts\/38076\/revisions\/38107"}],"wp:attachment":[{"href":"https:\/\/coueron-st-symphorien.fr\/index.php?rest_route=%2Fwp%2Fv2%2Fmedia&parent=38076"}],"wp:term":[{"taxonomy":"category","embeddable":true,"href":"https:\/\/coueron-st-symphorien.fr\/index.php?rest_route=%2Fwp%2Fv2%2Fcategories&post=38076"},{"taxonomy":"post_tag","embeddable":true,"href":"https:\/\/coueron-st-symphorien.fr\/index.php?rest_route=%2Fwp%2Fv2%2Ftags&post=38076"}],"curies":[{"name":"wp","href":"https:\/\/api.w.org\/{rel}","templated":true}]}}