{"id":3785,"date":"2017-10-05T16:09:34","date_gmt":"2017-10-05T15:09:34","guid":{"rendered":"https:\/\/coueron-st-symphorien.fr\/?p=3785"},"modified":"2017-10-25T12:26:24","modified_gmt":"2017-10-25T11:26:24","slug":"nos-deleguees-ont-ete-elues","status":"publish","type":"post","link":"https:\/\/coueron-st-symphorien.fr\/?p=3785","title":{"rendered":"Nos d\u00e9l\u00e9gu\u00e9es ont \u00e9t\u00e9 \u00e9lues!"},"content":{"rendered":"<p>Vendredi 29 septembre, tous les \u00e9l\u00e8ves de l&rsquo;\u00e9cole ont \u00e9lu leurs d\u00e9l\u00e9gu\u00e9s de classe.<\/p>\n<p>Cette ann\u00e9e, les d\u00e9l\u00e9gu\u00e9es des CM1 CM2 sont L\u00e9anne et Ninon. Leurs suppl\u00e9ants sont Cl\u00e9ment et Cyprien.<\/p>\n<p>Apr\u00e8s avoir men\u00e9 leur campagne \u00e9lectorale en classe (discours et affiches), les candidats se sont soumis aux votes de leurs camarades dans des conditions r\u00e9elles. Munis de leur carte \u00e9lectorale, les \u00e9lecteurs ont mis le nom de leur candidat favori dans une enveloppe dans l&rsquo;isoloir, l&rsquo;ont gliss\u00e9 dans l&rsquo;urne avant de signer la liste d&rsquo;\u00e9margement. Le vote s&rsquo;ets d\u00e9roul\u00e9 aux c\u00f4t\u00e9s des \u00e9l\u00e8ves de CE1 de C\u00e9line Musti\u00e8re.<\/p>\n<p>F\u00e9licitations \u00e0 L\u00e9anne et Ninon!<\/p>\n<p>La prochaine r\u00e9union des d\u00e9l\u00e9gu\u00e9s aura lieu le 17 octobre.<\/p>\n<p><a href=\"https:\/\/coueron-st-symphorien.fr\/wp-content\/uploads\/2017\/10\/\u00e9lection-des-d\u00e9l\u00e9gu\u00e9s-020.jpg\"><img loading=\"lazy\" decoding=\"async\" class=\"alignleft size-medium wp-image-3786\" src=\"https:\/\/coueron-st-symphorien.fr\/wp-content\/uploads\/2017\/10\/\u00e9lection-des-d\u00e9l\u00e9gu\u00e9s-020-300x225.jpg\" alt=\"\" width=\"300\" height=\"225\" \/><\/a>           <a href=\"https:\/\/coueron-st-symphorien.fr\/wp-content\/uploads\/2017\/10\/\u00e9lection-des-d\u00e9l\u00e9gu\u00e9s-012.jpg\"><img loading=\"lazy\" decoding=\"async\" class=\"alignleft size-medium wp-image-3797\" src=\"https:\/\/coueron-st-symphorien.fr\/wp-content\/uploads\/2017\/10\/\u00e9lection-des-d\u00e9l\u00e9gu\u00e9s-012-300x225.jpg\" alt=\"\" width=\"300\" height=\"225\" \/><\/a> <a href=\"https:\/\/coueron-st-symphorien.fr\/wp-content\/uploads\/2017\/10\/\u00e9lection-des-d\u00e9l\u00e9gu\u00e9s-013.jpg\"><img loading=\"lazy\" decoding=\"async\" class=\"alignleft size-medium wp-image-3798\" src=\"https:\/\/coueron-st-symphorien.fr\/wp-content\/uploads\/2017\/10\/\u00e9lection-des-d\u00e9l\u00e9gu\u00e9s-013-300x225.jpg\" alt=\"\" width=\"300\" height=\"225\" \/><\/a> <a href=\"https:\/\/coueron-st-symphorien.fr\/wp-content\/uploads\/2017\/10\/\u00e9lection-des-d\u00e9l\u00e9gu\u00e9s-014.jpg\"><img loading=\"lazy\" decoding=\"async\" class=\"alignleft size-medium wp-image-3799\" src=\"https:\/\/coueron-st-symphorien.fr\/wp-content\/uploads\/2017\/10\/\u00e9lection-des-d\u00e9l\u00e9gu\u00e9s-014-300x225.jpg\" alt=\"\" width=\"300\" height=\"225\" \/><\/a> <a href=\"https:\/\/coueron-st-symphorien.fr\/wp-content\/uploads\/2017\/10\/\u00e9lection-des-d\u00e9l\u00e9gu\u00e9s-015.jpg\"><img loading=\"lazy\" decoding=\"async\" class=\"alignleft size-medium wp-image-3800\" src=\"https:\/\/coueron-st-symphorien.fr\/wp-content\/uploads\/2017\/10\/\u00e9lection-des-d\u00e9l\u00e9gu\u00e9s-015-300x225.jpg\" alt=\"\" width=\"300\" height=\"225\" \/><\/a> <a href=\"https:\/\/coueron-st-symphorien.fr\/wp-content\/uploads\/2017\/10\/\u00e9lection-des-d\u00e9l\u00e9gu\u00e9s-016.jpg\"><img loading=\"lazy\" decoding=\"async\" class=\"alignleft size-medium wp-image-3801\" src=\"https:\/\/coueron-st-symphorien.fr\/wp-content\/uploads\/2017\/10\/\u00e9lection-des-d\u00e9l\u00e9gu\u00e9s-016-300x225.jpg\" alt=\"\" width=\"300\" height=\"225\" \/><\/a> <a href=\"https:\/\/coueron-st-symphorien.fr\/wp-content\/uploads\/2017\/10\/\u00e9lection-des-d\u00e9l\u00e9gu\u00e9s-018.jpg\"><img loading=\"lazy\" decoding=\"async\" class=\"alignleft size-medium wp-image-3802\" src=\"https:\/\/coueron-st-symphorien.fr\/wp-content\/uploads\/2017\/10\/\u00e9lection-des-d\u00e9l\u00e9gu\u00e9s-018-300x225.jpg\" alt=\"\" width=\"300\" height=\"225\" \/><\/a> <a href=\"https:\/\/coueron-st-symphorien.fr\/wp-content\/uploads\/2017\/10\/\u00e9lection-des-d\u00e9l\u00e9gu\u00e9s-019.jpg\"><img loading=\"lazy\" decoding=\"async\" class=\"alignleft size-medium wp-image-3803\" src=\"https:\/\/coueron-st-symphorien.fr\/wp-content\/uploads\/2017\/10\/\u00e9lection-des-d\u00e9l\u00e9gu\u00e9s-019-300x225.jpg\" alt=\"\" width=\"300\" height=\"225\" \/><\/a><\/p>\n","protected":false},"excerpt":{"rendered":"<p>Vendredi 29 septembre, tous les \u00e9l\u00e8ves de l&rsquo;\u00e9cole ont \u00e9lu leurs d\u00e9l\u00e9gu\u00e9s de classe. Cette ann\u00e9e, les d\u00e9l\u00e9gu\u00e9es des CM1 CM2 sont L\u00e9anne et Ninon. Leurs suppl\u00e9ants sont Cl\u00e9ment et Cyprien. Apr\u00e8s avoir men\u00e9 leur campagne \u00e9lectorale en classe (discours et affiches), les candidats se sont soumis aux votes de leurs camarades dans des conditions<\/p>\n<p><a href=\"https:\/\/coueron-st-symphorien.fr\/?p=3785\" class=\"more-link themebutton\">Lire la suite<\/a><\/p>\n","protected":false},"author":7,"featured_media":0,"comment_status":"closed","ping_status":"closed","sticky":false,"template":"","format":"standard","meta":{"ngg_post_thumbnail":0,"footnotes":""},"categories":[21],"tags":[],"_links":{"self":[{"href":"https:\/\/coueron-st-symphorien.fr\/index.php?rest_route=\/wp\/v2\/posts\/3785"}],"collection":[{"href":"https:\/\/coueron-st-symphorien.fr\/index.php?rest_route=\/wp\/v2\/posts"}],"about":[{"href":"https:\/\/coueron-st-symphorien.fr\/index.php?rest_route=\/wp\/v2\/types\/post"}],"author":[{"embeddable":true,"href":"https:\/\/coueron-st-symphorien.fr\/index.php?rest_route=\/wp\/v2\/users\/7"}],"replies":[{"embeddable":true,"href":"https:\/\/coueron-st-symphorien.fr\/index.php?rest_route=%2Fwp%2Fv2%2Fcomments&post=3785"}],"version-history":[{"count":5,"href":"https:\/\/coueron-st-symphorien.fr\/index.php?rest_route=\/wp\/v2\/posts\/3785\/revisions"}],"predecessor-version":[{"id":4919,"href":"https:\/\/coueron-st-symphorien.fr\/index.php?rest_route=\/wp\/v2\/posts\/3785\/revisions\/4919"}],"wp:attachment":[{"href":"https:\/\/coueron-st-symphorien.fr\/index.php?rest_route=%2Fwp%2Fv2%2Fmedia&parent=3785"}],"wp:term":[{"taxonomy":"category","embeddable":true,"href":"https:\/\/coueron-st-symphorien.fr\/index.php?rest_route=%2Fwp%2Fv2%2Fcategories&post=3785"},{"taxonomy":"post_tag","embeddable":true,"href":"https:\/\/coueron-st-symphorien.fr\/index.php?rest_route=%2Fwp%2Fv2%2Ftags&post=3785"}],"curies":[{"name":"wp","href":"https:\/\/api.w.org\/{rel}","templated":true}]}}