{"id":37769,"date":"2023-12-21T18:57:46","date_gmt":"2023-12-21T17:57:46","guid":{"rendered":"https:\/\/coueron-st-symphorien.fr\/?p=37769"},"modified":"2023-12-21T18:57:46","modified_gmt":"2023-12-21T17:57:46","slug":"la-celebration-de-noel-2","status":"publish","type":"post","link":"https:\/\/coueron-st-symphorien.fr\/?p=37769","title":{"rendered":"La c\u00e9l\u00e9bration de No\u00ebl"},"content":{"rendered":"<p>Les enfants de maternelle et CP ont retrouv\u00e9 le pr\u00eatre Damien au sein de l\u2019\u00e9glise de Cou\u00ebron pour c\u00e9l\u00e9brer No\u00ebl sur la th\u00e9matique de la&nbsp;paix cette ann\u00e9e.<\/p>\n<p>Le pr\u00eatre a racont\u00e9 l&rsquo; histoire de la naissance de J\u00e9sus.<\/p>\n<p>Chaque classe est venue pr\u00e9senter sa colombe, lire ses intentions de paix qui ont \u00e9t\u00e9 regroup\u00e9es dans l&rsquo;arbre de paix&nbsp;!<\/p>\n<p>La c\u00e9l\u00e9bration s\u2019est termin\u00e9e par une visite \u00e0 la cr\u00e8che.<\/p>\nngg_shortcode_0_placeholder\n","protected":false},"excerpt":{"rendered":"<p>Les enfants de maternelle et CP ont retrouv\u00e9 le pr\u00eatre Damien au sein de l\u2019\u00e9glise de Cou\u00ebron pour c\u00e9l\u00e9brer No\u00ebl sur la th\u00e9matique de la&nbsp;paix cette ann\u00e9e. Le pr\u00eatre a racont\u00e9 l&rsquo; histoire de la naissance de J\u00e9sus. Chaque classe est venue pr\u00e9senter sa colombe, lire ses intentions de paix qui ont \u00e9t\u00e9 regroup\u00e9es dans<\/p>\n<p><a href=\"https:\/\/coueron-st-symphorien.fr\/?p=37769\" class=\"more-link themebutton\">Lire la suite<\/a><\/p>\n","protected":false},"author":19,"featured_media":0,"comment_status":"closed","ping_status":"closed","sticky":false,"template":"","format":"standard","meta":{"ngg_post_thumbnail":0,"footnotes":""},"categories":[15,14,13,75,12,11],"tags":[],"_links":{"self":[{"href":"https:\/\/coueron-st-symphorien.fr\/index.php?rest_route=\/wp\/v2\/posts\/37769"}],"collection":[{"href":"https:\/\/coueron-st-symphorien.fr\/index.php?rest_route=\/wp\/v2\/posts"}],"about":[{"href":"https:\/\/coueron-st-symphorien.fr\/index.php?rest_route=\/wp\/v2\/types\/post"}],"author":[{"embeddable":true,"href":"https:\/\/coueron-st-symphorien.fr\/index.php?rest_route=\/wp\/v2\/users\/19"}],"replies":[{"embeddable":true,"href":"https:\/\/coueron-st-symphorien.fr\/index.php?rest_route=%2Fwp%2Fv2%2Fcomments&post=37769"}],"version-history":[{"count":1,"href":"https:\/\/coueron-st-symphorien.fr\/index.php?rest_route=\/wp\/v2\/posts\/37769\/revisions"}],"predecessor-version":[{"id":37770,"href":"https:\/\/coueron-st-symphorien.fr\/index.php?rest_route=\/wp\/v2\/posts\/37769\/revisions\/37770"}],"wp:attachment":[{"href":"https:\/\/coueron-st-symphorien.fr\/index.php?rest_route=%2Fwp%2Fv2%2Fmedia&parent=37769"}],"wp:term":[{"taxonomy":"category","embeddable":true,"href":"https:\/\/coueron-st-symphorien.fr\/index.php?rest_route=%2Fwp%2Fv2%2Fcategories&post=37769"},{"taxonomy":"post_tag","embeddable":true,"href":"https:\/\/coueron-st-symphorien.fr\/index.php?rest_route=%2Fwp%2Fv2%2Ftags&post=37769"}],"curies":[{"name":"wp","href":"https:\/\/api.w.org\/{rel}","templated":true}]}}