{"id":37349,"date":"2023-11-05T20:30:51","date_gmt":"2023-11-05T19:30:51","guid":{"rendered":"https:\/\/coueron-st-symphorien.fr\/?p=37349"},"modified":"2023-11-05T21:39:55","modified_gmt":"2023-11-05T20:39:55","slug":"ceremonie-douverture-de-lannee-olympique-de-lecole-st-symphorien","status":"publish","type":"post","link":"https:\/\/coueron-st-symphorien.fr\/?p=37349","title":{"rendered":"C\u00e9r\u00e9monie d&rsquo;ouverture de l&rsquo;ann\u00e9e olympique de l&rsquo;\u00e9cole St Symphorien"},"content":{"rendered":"<p>Le 13 octobre tous les \u00e9l\u00e8ves de l&rsquo;\u00e9cole, de la petite section au CM2 ont particip\u00e9 \u00e0 la c\u00e9r\u00e9monie d&rsquo;ouverture de l&rsquo;ann\u00e9e olympique de l&rsquo;\u00e9cole St Symphorien. Nous sommes partis de l&rsquo;\u00e9cole avec notre ange gardien pour nous rendre au gymnase Boullery. Chaque \u00e9l\u00e8ve \u00e9tait v\u00eatu de la couleur d&rsquo;un anneau olympique et du drapeau fran\u00e7ais : une couleur par classe. Ensuite chaque classe avec sa classe d&rsquo;anges gardiens a d\u00e9fil\u00e9 avec son affiche au rythme de l&rsquo;hymne olympique. M.David a fait un discours pour ouvrir la c\u00e9r\u00e9monie. Les d\u00e9l\u00e9gu\u00e9s ont d\u00e9fil\u00e9 avec une flamme olympique, puis les suppl\u00e9ants ont fait pass\u00e9 les flammes pour les mettre dans une grande vasque. Les suppl\u00e9ants ont r\u00e9cit\u00e9 le serment olympique puis nous avons chant\u00e9 et nous avons dans\u00e9. C&rsquo;\u00e9tait un grand moment de partage, de joie qui a officiellement ouvert notre ann\u00e9e olympique. Tout au long de l&rsquo;ann\u00e9e, nous allons d\u00e9couvrir et pratiquer diff\u00e9rents sports.<\/p>\nngg_shortcode_0_placeholder\n","protected":false},"excerpt":{"rendered":"<p>Le 13 octobre tous les \u00e9l\u00e8ves de l&rsquo;\u00e9cole, de la petite section au CM2 ont particip\u00e9 \u00e0 la c\u00e9r\u00e9monie d&rsquo;ouverture de l&rsquo;ann\u00e9e olympique de l&rsquo;\u00e9cole St Symphorien. Nous sommes partis de l&rsquo;\u00e9cole avec notre ange gardien pour nous rendre au gymnase Boullery. Chaque \u00e9l\u00e8ve \u00e9tait v\u00eatu de la couleur d&rsquo;un anneau olympique et du drapeau<\/p>\n<p><a href=\"https:\/\/coueron-st-symphorien.fr\/?p=37349\" class=\"more-link themebutton\">Lire la suite<\/a><\/p>\n","protected":false},"author":6,"featured_media":0,"comment_status":"closed","ping_status":"closed","sticky":false,"template":"","format":"standard","meta":{"ngg_post_thumbnail":0,"footnotes":""},"categories":[17,18,19,21,20,22,16,15,5,6,14,13,75,12,11],"tags":[],"_links":{"self":[{"href":"https:\/\/coueron-st-symphorien.fr\/index.php?rest_route=\/wp\/v2\/posts\/37349"}],"collection":[{"href":"https:\/\/coueron-st-symphorien.fr\/index.php?rest_route=\/wp\/v2\/posts"}],"about":[{"href":"https:\/\/coueron-st-symphorien.fr\/index.php?rest_route=\/wp\/v2\/types\/post"}],"author":[{"embeddable":true,"href":"https:\/\/coueron-st-symphorien.fr\/index.php?rest_route=\/wp\/v2\/users\/6"}],"replies":[{"embeddable":true,"href":"https:\/\/coueron-st-symphorien.fr\/index.php?rest_route=%2Fwp%2Fv2%2Fcomments&post=37349"}],"version-history":[{"count":2,"href":"https:\/\/coueron-st-symphorien.fr\/index.php?rest_route=\/wp\/v2\/posts\/37349\/revisions"}],"predecessor-version":[{"id":37453,"href":"https:\/\/coueron-st-symphorien.fr\/index.php?rest_route=\/wp\/v2\/posts\/37349\/revisions\/37453"}],"wp:attachment":[{"href":"https:\/\/coueron-st-symphorien.fr\/index.php?rest_route=%2Fwp%2Fv2%2Fmedia&parent=37349"}],"wp:term":[{"taxonomy":"category","embeddable":true,"href":"https:\/\/coueron-st-symphorien.fr\/index.php?rest_route=%2Fwp%2Fv2%2Fcategories&post=37349"},{"taxonomy":"post_tag","embeddable":true,"href":"https:\/\/coueron-st-symphorien.fr\/index.php?rest_route=%2Fwp%2Fv2%2Ftags&post=37349"}],"curies":[{"name":"wp","href":"https:\/\/api.w.org\/{rel}","templated":true}]}}