{"id":37302,"date":"2023-11-05T19:27:40","date_gmt":"2023-11-05T18:27:40","guid":{"rendered":"https:\/\/coueron-st-symphorien.fr\/?p=37302"},"modified":"2023-11-05T19:27:40","modified_gmt":"2023-11-05T18:27:40","slug":"rencontre-avec-nos-anges-gardiens-2","status":"publish","type":"post","link":"https:\/\/coueron-st-symphorien.fr\/?p=37302","title":{"rendered":"Rencontre avec nos anges gardiens"},"content":{"rendered":"<p>Le 29 septembre nous avons fait connaissance avec nos anges gardiens, les \u00e9l\u00e8ves de moyenne et grande section de la classe de C\u00e9cile Bienvenu. Apr\u00e8s un temps de jeu dans la salle de motricit\u00e9, les bin\u00f4mes ou trin\u00f4mes se sont constitu\u00e9s et l&rsquo;ann\u00e9e \u00ab\u00a0anges gardiens\u00a0\u00bb \u00e9tait lanc\u00e9e ! Ensuite nous sommes all\u00e9s jouer dans la cour des maternelles. Puis le 6 octobre , nous nous sommes retrouv\u00e9s pour faire une photo avec notre ange gardien et nous avons, ensemble confectionn\u00e9 un joli cadre pour y mettre notre photo. De bons moments de partage que nous revivrons plusieurs fois dans l&rsquo;ann\u00e9e.<\/p>\nngg_shortcode_0_placeholder\n","protected":false},"excerpt":{"rendered":"<p>Le 29 septembre nous avons fait connaissance avec nos anges gardiens, les \u00e9l\u00e8ves de moyenne et grande section de la classe de C\u00e9cile Bienvenu. Apr\u00e8s un temps de jeu dans la salle de motricit\u00e9, les bin\u00f4mes ou trin\u00f4mes se sont constitu\u00e9s et l&rsquo;ann\u00e9e \u00ab\u00a0anges gardiens\u00a0\u00bb \u00e9tait lanc\u00e9e ! Ensuite nous sommes all\u00e9s jouer dans la<\/p>\n<p><a href=\"https:\/\/coueron-st-symphorien.fr\/?p=37302\" class=\"more-link themebutton\">Lire la suite<\/a><\/p>\n","protected":false},"author":6,"featured_media":0,"comment_status":"closed","ping_status":"closed","sticky":false,"template":"","format":"standard","meta":{"ngg_post_thumbnail":0,"footnotes":""},"categories":[18,14],"tags":[],"_links":{"self":[{"href":"https:\/\/coueron-st-symphorien.fr\/index.php?rest_route=\/wp\/v2\/posts\/37302"}],"collection":[{"href":"https:\/\/coueron-st-symphorien.fr\/index.php?rest_route=\/wp\/v2\/posts"}],"about":[{"href":"https:\/\/coueron-st-symphorien.fr\/index.php?rest_route=\/wp\/v2\/types\/post"}],"author":[{"embeddable":true,"href":"https:\/\/coueron-st-symphorien.fr\/index.php?rest_route=\/wp\/v2\/users\/6"}],"replies":[{"embeddable":true,"href":"https:\/\/coueron-st-symphorien.fr\/index.php?rest_route=%2Fwp%2Fv2%2Fcomments&post=37302"}],"version-history":[{"count":2,"href":"https:\/\/coueron-st-symphorien.fr\/index.php?rest_route=\/wp\/v2\/posts\/37302\/revisions"}],"predecessor-version":[{"id":37348,"href":"https:\/\/coueron-st-symphorien.fr\/index.php?rest_route=\/wp\/v2\/posts\/37302\/revisions\/37348"}],"wp:attachment":[{"href":"https:\/\/coueron-st-symphorien.fr\/index.php?rest_route=%2Fwp%2Fv2%2Fmedia&parent=37302"}],"wp:term":[{"taxonomy":"category","embeddable":true,"href":"https:\/\/coueron-st-symphorien.fr\/index.php?rest_route=%2Fwp%2Fv2%2Fcategories&post=37302"},{"taxonomy":"post_tag","embeddable":true,"href":"https:\/\/coueron-st-symphorien.fr\/index.php?rest_route=%2Fwp%2Fv2%2Ftags&post=37302"}],"curies":[{"name":"wp","href":"https:\/\/api.w.org\/{rel}","templated":true}]}}