{"id":37255,"date":"2023-10-19T14:54:42","date_gmt":"2023-10-19T13:54:42","guid":{"rendered":"https:\/\/coueron-st-symphorien.fr\/?p=37255"},"modified":"2023-10-19T14:59:53","modified_gmt":"2023-10-19T13:59:53","slug":"le-nouveau-delegue-des-cm2-est-elu","status":"publish","type":"post","link":"https:\/\/coueron-st-symphorien.fr\/?p=37255","title":{"rendered":"Le nouveau d\u00e9l\u00e9gu\u00e9 des CM2 est \u00e9lu"},"content":{"rendered":"<p>Lors de l&rsquo;\u00e9lection des d\u00e9l\u00e9gu\u00e9s qui a eu lieu le jeudi 5 octobre 2023, Elowan a \u00e9t\u00e9 \u00e9lu d\u00e9l\u00e9gu\u00e9 de la classe. Gr\u00e2ce \u00e0 son affiche et son discours de campagne, il a su convaincre des camarades de voter pour lui.<\/p>\n<p>Laurette a \u00e9t\u00e9, quant \u00e0 elle, \u00e9lue suppl\u00e9ante.<\/p>\nngg_shortcode_0_placeholder\n","protected":false},"excerpt":{"rendered":"<p>Lors de l&rsquo;\u00e9lection des d\u00e9l\u00e9gu\u00e9s qui a eu lieu le jeudi 5 octobre 2023, Elowan a \u00e9t\u00e9 \u00e9lu d\u00e9l\u00e9gu\u00e9 de la classe. Gr\u00e2ce \u00e0 son affiche et son discours de campagne, il a su convaincre des camarades de voter pour lui. Laurette a \u00e9t\u00e9, quant \u00e0 elle, \u00e9lue suppl\u00e9ante.<\/p>\n","protected":false},"author":7,"featured_media":0,"comment_status":"closed","ping_status":"closed","sticky":false,"template":"","format":"standard","meta":{"ngg_post_thumbnail":0,"footnotes":""},"categories":[22,1],"tags":[],"_links":{"self":[{"href":"https:\/\/coueron-st-symphorien.fr\/index.php?rest_route=\/wp\/v2\/posts\/37255"}],"collection":[{"href":"https:\/\/coueron-st-symphorien.fr\/index.php?rest_route=\/wp\/v2\/posts"}],"about":[{"href":"https:\/\/coueron-st-symphorien.fr\/index.php?rest_route=\/wp\/v2\/types\/post"}],"author":[{"embeddable":true,"href":"https:\/\/coueron-st-symphorien.fr\/index.php?rest_route=\/wp\/v2\/users\/7"}],"replies":[{"embeddable":true,"href":"https:\/\/coueron-st-symphorien.fr\/index.php?rest_route=%2Fwp%2Fv2%2Fcomments&post=37255"}],"version-history":[{"count":1,"href":"https:\/\/coueron-st-symphorien.fr\/index.php?rest_route=\/wp\/v2\/posts\/37255\/revisions"}],"predecessor-version":[{"id":37256,"href":"https:\/\/coueron-st-symphorien.fr\/index.php?rest_route=\/wp\/v2\/posts\/37255\/revisions\/37256"}],"wp:attachment":[{"href":"https:\/\/coueron-st-symphorien.fr\/index.php?rest_route=%2Fwp%2Fv2%2Fmedia&parent=37255"}],"wp:term":[{"taxonomy":"category","embeddable":true,"href":"https:\/\/coueron-st-symphorien.fr\/index.php?rest_route=%2Fwp%2Fv2%2Fcategories&post=37255"},{"taxonomy":"post_tag","embeddable":true,"href":"https:\/\/coueron-st-symphorien.fr\/index.php?rest_route=%2Fwp%2Fv2%2Ftags&post=37255"}],"curies":[{"name":"wp","href":"https:\/\/api.w.org\/{rel}","templated":true}]}}