{"id":37253,"date":"2023-10-19T14:50:55","date_gmt":"2023-10-19T13:50:55","guid":{"rendered":"https:\/\/coueron-st-symphorien.fr\/?p=37253"},"modified":"2023-10-19T14:50:55","modified_gmt":"2023-10-19T13:50:55","slug":"lelection-des-delegues-des-cpb-et-cm2b","status":"publish","type":"post","link":"https:\/\/coueron-st-symphorien.fr\/?p=37253","title":{"rendered":"L&rsquo;\u00e9lection des d\u00e9l\u00e9gu\u00e9s des CPB et CM2B"},"content":{"rendered":"<p>Le jeudi 5 octobre, tous les \u00e9l\u00e8ves de l&rsquo;\u00e9cole \u00e9l\u00e9mentaire \u00e9taient invit\u00e9s \u00e0 voter pour \u00e9lire leur nouveau d\u00e9l\u00e9gu\u00e9. A cette occasion, une v\u00e9ritable urne a \u00e9t\u00e9 mise \u00e0 disposition par la mairie de Cou\u00ebron.<\/p>\n<p>Les CP et les CM2 se sont rendus ensemble d\u00e8s le matin dans la salle polyvalente pour proc\u00e9der \u00e0 l&rsquo;\u00e9lection. Gr\u00e2ce \u00e0 l&rsquo;aide de leurs a\u00een\u00e9s, les \u00e9l\u00e8ves de CP ont d\u00e9couvert et appris les diff\u00e9rentes \u00e9tapes d&rsquo;une \u00e9lections.<\/p>\nngg_shortcode_0_placeholder\n","protected":false},"excerpt":{"rendered":"<p>Le jeudi 5 octobre, tous les \u00e9l\u00e8ves de l&rsquo;\u00e9cole \u00e9l\u00e9mentaire \u00e9taient invit\u00e9s \u00e0 voter pour \u00e9lire leur nouveau d\u00e9l\u00e9gu\u00e9. A cette occasion, une v\u00e9ritable urne a \u00e9t\u00e9 mise \u00e0 disposition par la mairie de Cou\u00ebron. Les CP et les CM2 se sont rendus ensemble d\u00e8s le matin dans la salle polyvalente pour proc\u00e9der \u00e0 l&rsquo;\u00e9lection.<\/p>\n<p><a href=\"https:\/\/coueron-st-symphorien.fr\/?p=37253\" class=\"more-link themebutton\">Lire la suite<\/a><\/p>\n","protected":false},"author":7,"featured_media":0,"comment_status":"closed","ping_status":"closed","sticky":false,"template":"","format":"standard","meta":{"ngg_post_thumbnail":0,"footnotes":""},"categories":[22,15],"tags":[],"_links":{"self":[{"href":"https:\/\/coueron-st-symphorien.fr\/index.php?rest_route=\/wp\/v2\/posts\/37253"}],"collection":[{"href":"https:\/\/coueron-st-symphorien.fr\/index.php?rest_route=\/wp\/v2\/posts"}],"about":[{"href":"https:\/\/coueron-st-symphorien.fr\/index.php?rest_route=\/wp\/v2\/types\/post"}],"author":[{"embeddable":true,"href":"https:\/\/coueron-st-symphorien.fr\/index.php?rest_route=\/wp\/v2\/users\/7"}],"replies":[{"embeddable":true,"href":"https:\/\/coueron-st-symphorien.fr\/index.php?rest_route=%2Fwp%2Fv2%2Fcomments&post=37253"}],"version-history":[{"count":1,"href":"https:\/\/coueron-st-symphorien.fr\/index.php?rest_route=\/wp\/v2\/posts\/37253\/revisions"}],"predecessor-version":[{"id":37254,"href":"https:\/\/coueron-st-symphorien.fr\/index.php?rest_route=\/wp\/v2\/posts\/37253\/revisions\/37254"}],"wp:attachment":[{"href":"https:\/\/coueron-st-symphorien.fr\/index.php?rest_route=%2Fwp%2Fv2%2Fmedia&parent=37253"}],"wp:term":[{"taxonomy":"category","embeddable":true,"href":"https:\/\/coueron-st-symphorien.fr\/index.php?rest_route=%2Fwp%2Fv2%2Fcategories&post=37253"},{"taxonomy":"post_tag","embeddable":true,"href":"https:\/\/coueron-st-symphorien.fr\/index.php?rest_route=%2Fwp%2Fv2%2Ftags&post=37253"}],"curies":[{"name":"wp","href":"https:\/\/api.w.org\/{rel}","templated":true}]}}