{"id":37148,"date":"2023-10-13T20:16:31","date_gmt":"2023-10-13T19:16:31","guid":{"rendered":"https:\/\/coueron-st-symphorien.fr\/?p=37148"},"modified":"2023-10-13T20:16:31","modified_gmt":"2023-10-13T19:16:31","slug":"premiere-matinee-artistique-des-ps-le-corps-en-mouvement","status":"publish","type":"post","link":"https:\/\/coueron-st-symphorien.fr\/?p=37148","title":{"rendered":"premi\u00e8re matin\u00e9e artistique des PS: le corps en mouvement"},"content":{"rendered":"<p>Mercredi 11 octobre, gr\u00e2ce \u00e0 la pr\u00e9sence de Mamans, les Petits ont pu d\u00e9couvrir 4 ateliers artistiques . En s&rsquo;inspirant des activit\u00e9s sportives de la p\u00e9riode et des \u0153uvres de Keith&nbsp; Haring et de Juan Miro (Bleu 2), les enfants ont peint, coll\u00e9, froiss\u00e9 du papier&#8230;.<\/p>\n<p>ngg_shortcode_0_placeholderLes voici en action ! Exposition \u00e0 d\u00e9couvrir dans le couloir ou dans la garderie.<\/p>\nngg_shortcode_1_placeholder\n","protected":false},"excerpt":{"rendered":"<p>Mercredi 11 octobre, gr\u00e2ce \u00e0 la pr\u00e9sence de Mamans, les Petits ont pu d\u00e9couvrir 4 ateliers artistiques . En s&rsquo;inspirant des activit\u00e9s sportives de la p\u00e9riode et des \u0153uvres de Keith&nbsp; Haring et de Juan Miro (Bleu 2), les enfants ont peint, coll\u00e9, froiss\u00e9 du papier&#8230;. Les voici en action ! Exposition \u00e0 d\u00e9couvrir dans<\/p>\n<p><a href=\"https:\/\/coueron-st-symphorien.fr\/?p=37148\" class=\"more-link themebutton\">Lire la suite<\/a><\/p>\n","protected":false},"author":12,"featured_media":0,"comment_status":"closed","ping_status":"closed","sticky":false,"template":"","format":"standard","meta":{"ngg_post_thumbnail":0,"footnotes":""},"categories":[12],"tags":[],"_links":{"self":[{"href":"https:\/\/coueron-st-symphorien.fr\/index.php?rest_route=\/wp\/v2\/posts\/37148"}],"collection":[{"href":"https:\/\/coueron-st-symphorien.fr\/index.php?rest_route=\/wp\/v2\/posts"}],"about":[{"href":"https:\/\/coueron-st-symphorien.fr\/index.php?rest_route=\/wp\/v2\/types\/post"}],"author":[{"embeddable":true,"href":"https:\/\/coueron-st-symphorien.fr\/index.php?rest_route=\/wp\/v2\/users\/12"}],"replies":[{"embeddable":true,"href":"https:\/\/coueron-st-symphorien.fr\/index.php?rest_route=%2Fwp%2Fv2%2Fcomments&post=37148"}],"version-history":[{"count":3,"href":"https:\/\/coueron-st-symphorien.fr\/index.php?rest_route=\/wp\/v2\/posts\/37148\/revisions"}],"predecessor-version":[{"id":37151,"href":"https:\/\/coueron-st-symphorien.fr\/index.php?rest_route=\/wp\/v2\/posts\/37148\/revisions\/37151"}],"wp:attachment":[{"href":"https:\/\/coueron-st-symphorien.fr\/index.php?rest_route=%2Fwp%2Fv2%2Fmedia&parent=37148"}],"wp:term":[{"taxonomy":"category","embeddable":true,"href":"https:\/\/coueron-st-symphorien.fr\/index.php?rest_route=%2Fwp%2Fv2%2Fcategories&post=37148"},{"taxonomy":"post_tag","embeddable":true,"href":"https:\/\/coueron-st-symphorien.fr\/index.php?rest_route=%2Fwp%2Fv2%2Ftags&post=37148"}],"curies":[{"name":"wp","href":"https:\/\/api.w.org\/{rel}","templated":true}]}}