{"id":37012,"date":"2023-10-12T22:43:32","date_gmt":"2023-10-12T21:43:32","guid":{"rendered":"https:\/\/coueron-st-symphorien.fr\/?p=37012"},"modified":"2023-10-12T22:43:32","modified_gmt":"2023-10-12T21:43:32","slug":"elections-des-delegues-2","status":"publish","type":"post","link":"https:\/\/coueron-st-symphorien.fr\/?p=37012","title":{"rendered":"Elections des d\u00e9l\u00e9gu\u00e9s"},"content":{"rendered":"<p>ngg_shortcode_0_placeholderCe jeudi 5 octobre 2023, nous avons \u00e9lu nos d\u00e9l\u00e9gu\u00e9s de classe. Apr\u00e8s une semaine de campagne \u00e9lectorale en classe, durant laquelle chaque candidat a pr\u00e9sent\u00e9 son programme et son affiche, nous sommes all\u00e9s en salle polyvalente, avec les CM1. Le bureau de vote \u00e9tait install\u00e9.&nbsp; Munis de sa carte \u00e9lectorale scolaire, chacun est all\u00e9 dans l\u2019isoloir pour glisser son bulletin de vote dans l&rsquo;enveloppe avant de le mettre dans l\u2019urne et d&rsquo;entendre \u00ab\u00a0a vot\u00e9\u00a0\u00bb par l&rsquo;assesseur d\u00e9di\u00e9 \u00e0 cette mission. Puis chacun a fait tamponner sa carte \u00e9lectorale et \u00e0 signer la liste d\u2019\u00e9margement. Quelques \u00e9l\u00e8ves ont pu tenir le r\u00f4le d\u2019assesseur.<\/p>\n<p>Ensuite nous sommes retourn\u00e9s dans notre classe pour proc\u00e9der au d\u00e9pouillement : suspens garanti ! Nous avons d\u00fb faire un deuxi\u00e8me tour pour l&rsquo;\u00e9lection des CE2.<\/p>\n<p>Les d\u00e9l\u00e9gu\u00e9s sont Louise en CE2 et El\u00e9a en CE1. Les suppl\u00e9ants sont Alex en CE2 et Lucas en CE1.<\/p>\n<p>La premi\u00e8re r\u00e9union des d\u00e9l\u00e9gu\u00e9s a eu lieu ce mardi avec M.DAVID. Les d\u00e9l\u00e9gu\u00e9s sont revenus en classe et nous ont annonc\u00e9 que nous allons vivre une c\u00e9r\u00e9monie d&rsquo;ouverture de l&rsquo;ann\u00e9e olympique lundi 16 octobre.<\/p>\n","protected":false},"excerpt":{"rendered":"<p>Ce jeudi 5 octobre 2023, nous avons \u00e9lu nos d\u00e9l\u00e9gu\u00e9s de classe. Apr\u00e8s une semaine de campagne \u00e9lectorale en classe, durant laquelle chaque candidat a pr\u00e9sent\u00e9 son programme et son affiche, nous sommes all\u00e9s en salle polyvalente, avec les CM1. Le bureau de vote \u00e9tait install\u00e9.&nbsp; Munis de sa carte \u00e9lectorale scolaire, chacun est all\u00e9<\/p>\n<p><a href=\"https:\/\/coueron-st-symphorien.fr\/?p=37012\" class=\"more-link themebutton\">Lire la suite<\/a><\/p>\n","protected":false},"author":6,"featured_media":0,"comment_status":"closed","ping_status":"closed","sticky":false,"template":"","format":"standard","meta":{"ngg_post_thumbnail":0,"footnotes":""},"categories":[18],"tags":[],"_links":{"self":[{"href":"https:\/\/coueron-st-symphorien.fr\/index.php?rest_route=\/wp\/v2\/posts\/37012"}],"collection":[{"href":"https:\/\/coueron-st-symphorien.fr\/index.php?rest_route=\/wp\/v2\/posts"}],"about":[{"href":"https:\/\/coueron-st-symphorien.fr\/index.php?rest_route=\/wp\/v2\/types\/post"}],"author":[{"embeddable":true,"href":"https:\/\/coueron-st-symphorien.fr\/index.php?rest_route=\/wp\/v2\/users\/6"}],"replies":[{"embeddable":true,"href":"https:\/\/coueron-st-symphorien.fr\/index.php?rest_route=%2Fwp%2Fv2%2Fcomments&post=37012"}],"version-history":[{"count":3,"href":"https:\/\/coueron-st-symphorien.fr\/index.php?rest_route=\/wp\/v2\/posts\/37012\/revisions"}],"predecessor-version":[{"id":37030,"href":"https:\/\/coueron-st-symphorien.fr\/index.php?rest_route=\/wp\/v2\/posts\/37012\/revisions\/37030"}],"wp:attachment":[{"href":"https:\/\/coueron-st-symphorien.fr\/index.php?rest_route=%2Fwp%2Fv2%2Fmedia&parent=37012"}],"wp:term":[{"taxonomy":"category","embeddable":true,"href":"https:\/\/coueron-st-symphorien.fr\/index.php?rest_route=%2Fwp%2Fv2%2Fcategories&post=37012"},{"taxonomy":"post_tag","embeddable":true,"href":"https:\/\/coueron-st-symphorien.fr\/index.php?rest_route=%2Fwp%2Fv2%2Ftags&post=37012"}],"curies":[{"name":"wp","href":"https:\/\/api.w.org\/{rel}","templated":true}]}}