{"id":36965,"date":"2023-10-06T18:14:25","date_gmt":"2023-10-06T17:14:25","guid":{"rendered":"https:\/\/coueron-st-symphorien.fr\/?p=36965"},"modified":"2023-10-06T18:14:25","modified_gmt":"2023-10-06T17:14:25","slug":"lelection-des-delegues","status":"publish","type":"post","link":"https:\/\/coueron-st-symphorien.fr\/?p=36965","title":{"rendered":"L&rsquo;\u00e9lection des d\u00e9l\u00e9gu\u00e9s"},"content":{"rendered":"<p>Jeudi 6 octobre, les \u00e9l\u00e8ves de CE1 de C\u00e9line et de CE2 d&rsquo;Aur\u00e9lie se sont retrouv\u00e9s en salle polyvalente qui \u00e9tait pour l&rsquo;occasion transform\u00e9e en bureau de vote.&nbsp; Munis de leur carte \u00e9lectorale scolaire, chaque enfant est all\u00e9 dans l&rsquo;isoloir pour glisser dans l&rsquo;enveloppe le bulletin de vote de son choix. Puis, il fallait se pr\u00e9senter devant l&rsquo;urne pour y d\u00e9poser l&rsquo;enveloppe. Personne n&rsquo;a oubli\u00e9 de faire tamponner sa carte \u00e9lectorale ni de signer la liste d&rsquo;\u00e9margement. Chaque enfant a aussi pu tenir le r\u00f4le d&rsquo;assesseur.<\/p>\n<p>Est venue ensuite l&rsquo;heure du d\u00e9pouillement.&nbsp;<\/p>\n<p>Les d\u00e9l\u00e9gu\u00e9s sont: Anthonin (CE2) et Constance (CE1). Les suppl\u00e9ants sont: Mathis (CE2) et Victor (CE1).<\/p>\nngg_shortcode_0_placeholder\n","protected":false},"excerpt":{"rendered":"<p>Jeudi 6 octobre, les \u00e9l\u00e8ves de CE1 de C\u00e9line et de CE2 d&rsquo;Aur\u00e9lie se sont retrouv\u00e9s en salle polyvalente qui \u00e9tait pour l&rsquo;occasion transform\u00e9e en bureau de vote.&nbsp; Munis de leur carte \u00e9lectorale scolaire, chaque enfant est all\u00e9 dans l&rsquo;isoloir pour glisser dans l&rsquo;enveloppe le bulletin de vote de son choix. Puis, il fallait se<\/p>\n<p><a href=\"https:\/\/coueron-st-symphorien.fr\/?p=36965\" class=\"more-link themebutton\">Lire la suite<\/a><\/p>\n","protected":false},"author":5,"featured_media":0,"comment_status":"closed","ping_status":"closed","sticky":false,"template":"","format":"standard","meta":{"ngg_post_thumbnail":0,"footnotes":""},"categories":[17,19],"tags":[],"_links":{"self":[{"href":"https:\/\/coueron-st-symphorien.fr\/index.php?rest_route=\/wp\/v2\/posts\/36965"}],"collection":[{"href":"https:\/\/coueron-st-symphorien.fr\/index.php?rest_route=\/wp\/v2\/posts"}],"about":[{"href":"https:\/\/coueron-st-symphorien.fr\/index.php?rest_route=\/wp\/v2\/types\/post"}],"author":[{"embeddable":true,"href":"https:\/\/coueron-st-symphorien.fr\/index.php?rest_route=\/wp\/v2\/users\/5"}],"replies":[{"embeddable":true,"href":"https:\/\/coueron-st-symphorien.fr\/index.php?rest_route=%2Fwp%2Fv2%2Fcomments&post=36965"}],"version-history":[{"count":1,"href":"https:\/\/coueron-st-symphorien.fr\/index.php?rest_route=\/wp\/v2\/posts\/36965\/revisions"}],"predecessor-version":[{"id":36966,"href":"https:\/\/coueron-st-symphorien.fr\/index.php?rest_route=\/wp\/v2\/posts\/36965\/revisions\/36966"}],"wp:attachment":[{"href":"https:\/\/coueron-st-symphorien.fr\/index.php?rest_route=%2Fwp%2Fv2%2Fmedia&parent=36965"}],"wp:term":[{"taxonomy":"category","embeddable":true,"href":"https:\/\/coueron-st-symphorien.fr\/index.php?rest_route=%2Fwp%2Fv2%2Fcategories&post=36965"},{"taxonomy":"post_tag","embeddable":true,"href":"https:\/\/coueron-st-symphorien.fr\/index.php?rest_route=%2Fwp%2Fv2%2Ftags&post=36965"}],"curies":[{"name":"wp","href":"https:\/\/api.w.org\/{rel}","templated":true}]}}