{"id":36859,"date":"2023-09-29T19:36:31","date_gmt":"2023-09-29T18:36:31","guid":{"rendered":"https:\/\/coueron-st-symphorien.fr\/?p=36859"},"modified":"2023-09-29T19:45:49","modified_gmt":"2023-09-29T18:45:49","slug":"lannee-olympique-commence-par-le-cross-du-college-pour-les-cm2","status":"publish","type":"post","link":"https:\/\/coueron-st-symphorien.fr\/?p=36859","title":{"rendered":"L&rsquo;ann\u00e9e olympique commence par le cross du coll\u00e8ge pour les CM2"},"content":{"rendered":"<p>Ce vendredi 29 septembre, les CM2 des 2 classes de CM1-CM2 et CM2b ont particip\u00e9 au cross du coll\u00e8ge aux c\u00f4t\u00e9s des 6\u00e8me de Sainte Philom\u00e8ne.<\/p>\n<p>L&rsquo;ann\u00e9e olympique sera sportive. Pour preuve, ce premier \u00e9v\u00e9nement \u00e0 l&rsquo;Erduri\u00e8re o\u00f9 les CM2 ont parcouru 2024 m en courant sous les encouragements des CM1. Ils s&rsquo;entrainent depuis la rentr\u00e9e sur la piste d&rsquo;athl\u00e9tisme et cela a port\u00e9 ses fruits: 4 m\u00e9dailles!<\/p>\n<p>Chez les filles, Garance, Manon et Camille ont respectivement remport\u00e9 les m\u00e9dailles d&rsquo;or, d&rsquo;argent et de bronze. Chez les gar\u00e7ons, Valentin a remport\u00e9 la m\u00e9daille d&rsquo;argent. Bravo \u00e0 eux et \u00e0 tous les CM2 qui ont particip\u00e9 \u00e0 ce beau moment.<\/p>\nngg_shortcode_0_placeholder\n","protected":false},"excerpt":{"rendered":"<p>Ce vendredi 29 septembre, les CM2 des 2 classes de CM1-CM2 et CM2b ont particip\u00e9 au cross du coll\u00e8ge aux c\u00f4t\u00e9s des 6\u00e8me de Sainte Philom\u00e8ne. L&rsquo;ann\u00e9e olympique sera sportive. Pour preuve, ce premier \u00e9v\u00e9nement \u00e0 l&rsquo;Erduri\u00e8re o\u00f9 les CM2 ont parcouru 2024 m en courant sous les encouragements des CM1. Ils s&rsquo;entrainent depuis la<\/p>\n<p><a href=\"https:\/\/coueron-st-symphorien.fr\/?p=36859\" class=\"more-link themebutton\">Lire la suite<\/a><\/p>\n","protected":false},"author":7,"featured_media":0,"comment_status":"closed","ping_status":"closed","sticky":false,"template":"","format":"standard","meta":{"ngg_post_thumbnail":0,"footnotes":""},"categories":[21,22],"tags":[],"_links":{"self":[{"href":"https:\/\/coueron-st-symphorien.fr\/index.php?rest_route=\/wp\/v2\/posts\/36859"}],"collection":[{"href":"https:\/\/coueron-st-symphorien.fr\/index.php?rest_route=\/wp\/v2\/posts"}],"about":[{"href":"https:\/\/coueron-st-symphorien.fr\/index.php?rest_route=\/wp\/v2\/types\/post"}],"author":[{"embeddable":true,"href":"https:\/\/coueron-st-symphorien.fr\/index.php?rest_route=\/wp\/v2\/users\/7"}],"replies":[{"embeddable":true,"href":"https:\/\/coueron-st-symphorien.fr\/index.php?rest_route=%2Fwp%2Fv2%2Fcomments&post=36859"}],"version-history":[{"count":3,"href":"https:\/\/coueron-st-symphorien.fr\/index.php?rest_route=\/wp\/v2\/posts\/36859\/revisions"}],"predecessor-version":[{"id":36862,"href":"https:\/\/coueron-st-symphorien.fr\/index.php?rest_route=\/wp\/v2\/posts\/36859\/revisions\/36862"}],"wp:attachment":[{"href":"https:\/\/coueron-st-symphorien.fr\/index.php?rest_route=%2Fwp%2Fv2%2Fmedia&parent=36859"}],"wp:term":[{"taxonomy":"category","embeddable":true,"href":"https:\/\/coueron-st-symphorien.fr\/index.php?rest_route=%2Fwp%2Fv2%2Fcategories&post=36859"},{"taxonomy":"post_tag","embeddable":true,"href":"https:\/\/coueron-st-symphorien.fr\/index.php?rest_route=%2Fwp%2Fv2%2Ftags&post=36859"}],"curies":[{"name":"wp","href":"https:\/\/api.w.org\/{rel}","templated":true}]}}