{"id":36857,"date":"2023-09-29T19:31:18","date_gmt":"2023-09-29T18:31:18","guid":{"rendered":"https:\/\/coueron-st-symphorien.fr\/?p=36857"},"modified":"2023-09-29T19:31:18","modified_gmt":"2023-09-29T18:31:18","slug":"les-cm2-lisent-pour-les-eleves-de-maternelle","status":"publish","type":"post","link":"https:\/\/coueron-st-symphorien.fr\/?p=36857","title":{"rendered":"Les CM2 lisent pour les \u00e9l\u00e8ves de maternelle"},"content":{"rendered":"<p>C&rsquo;est une tradition appr\u00e9ci\u00e9e par les plus jeunes comme par les plus grands de l&rsquo;\u00e9cole: la lecture d&rsquo;albums en maternelle. Comme chaque ann\u00e9e, la classe de CM2 est la premi\u00e8re \u00e0 se rendre dans les classes de maternelle pour lire des histoires.<\/p>\n<p>Utiliser&nbsp; comme support les images color\u00e9es des albums choisis par les enseignantes de maternelle, mettre le ton, ne pas h\u00e9siter \u00e0 surjouer les \u00e9motions des personnages, c&rsquo;est le d\u00e9fi qu&rsquo;ont relev\u00e9 les \u00e9l\u00e8ves de CM2 jeudi 28 septembre pour capter et maintenir l&rsquo;attention des plus jeunes. Ils se sont pr\u00eat\u00e9s au jeu avec un grand plaisir et reviendront le jeudi 5 octobre avant de passer le relais \u00e0 la classe de CE2- CM1 de La\u00ebtitia Grouhan.<\/p>\nngg_shortcode_0_placeholder\n","protected":false},"excerpt":{"rendered":"<p>C&rsquo;est une tradition appr\u00e9ci\u00e9e par les plus jeunes comme par les plus grands de l&rsquo;\u00e9cole: la lecture d&rsquo;albums en maternelle. Comme chaque ann\u00e9e, la classe de CM2 est la premi\u00e8re \u00e0 se rendre dans les classes de maternelle pour lire des histoires. Utiliser&nbsp; comme support les images color\u00e9es des albums choisis par les enseignantes de<\/p>\n<p><a href=\"https:\/\/coueron-st-symphorien.fr\/?p=36857\" class=\"more-link themebutton\">Lire la suite<\/a><\/p>\n","protected":false},"author":7,"featured_media":0,"comment_status":"closed","ping_status":"closed","sticky":false,"template":"","format":"standard","meta":{"ngg_post_thumbnail":0,"footnotes":""},"categories":[22,14,13,75,12,11],"tags":[],"_links":{"self":[{"href":"https:\/\/coueron-st-symphorien.fr\/index.php?rest_route=\/wp\/v2\/posts\/36857"}],"collection":[{"href":"https:\/\/coueron-st-symphorien.fr\/index.php?rest_route=\/wp\/v2\/posts"}],"about":[{"href":"https:\/\/coueron-st-symphorien.fr\/index.php?rest_route=\/wp\/v2\/types\/post"}],"author":[{"embeddable":true,"href":"https:\/\/coueron-st-symphorien.fr\/index.php?rest_route=\/wp\/v2\/users\/7"}],"replies":[{"embeddable":true,"href":"https:\/\/coueron-st-symphorien.fr\/index.php?rest_route=%2Fwp%2Fv2%2Fcomments&post=36857"}],"version-history":[{"count":1,"href":"https:\/\/coueron-st-symphorien.fr\/index.php?rest_route=\/wp\/v2\/posts\/36857\/revisions"}],"predecessor-version":[{"id":36858,"href":"https:\/\/coueron-st-symphorien.fr\/index.php?rest_route=\/wp\/v2\/posts\/36857\/revisions\/36858"}],"wp:attachment":[{"href":"https:\/\/coueron-st-symphorien.fr\/index.php?rest_route=%2Fwp%2Fv2%2Fmedia&parent=36857"}],"wp:term":[{"taxonomy":"category","embeddable":true,"href":"https:\/\/coueron-st-symphorien.fr\/index.php?rest_route=%2Fwp%2Fv2%2Fcategories&post=36857"},{"taxonomy":"post_tag","embeddable":true,"href":"https:\/\/coueron-st-symphorien.fr\/index.php?rest_route=%2Fwp%2Fv2%2Ftags&post=36857"}],"curies":[{"name":"wp","href":"https:\/\/api.w.org\/{rel}","templated":true}]}}