{"id":36738,"date":"2023-09-26T06:41:47","date_gmt":"2023-09-26T05:41:47","guid":{"rendered":"https:\/\/coueron-st-symphorien.fr\/?p=36738"},"modified":"2023-09-26T06:41:47","modified_gmt":"2023-09-26T05:41:47","slug":"premiere-rencontre-entre-anges-gardiens","status":"publish","type":"post","link":"https:\/\/coueron-st-symphorien.fr\/?p=36738","title":{"rendered":"premi\u00e8re rencontre entre anges gardiens"},"content":{"rendered":"<p>Les \u00e9l\u00e8ves de Charl\u00e8ne en Cm1-CM2 sont venus&nbsp;: les grands seront nos amis d\u2019une autre classe durant l\u2019ann\u00e9e scolaire. Nous avons constitu\u00e9 des duos, et pour se souvenir du pr\u00e9nom&nbsp; de notre ange-gardien, nous avons fabriqu\u00e9 ensemble un marque-page pour le cahier de vie. Chacun a choisi un sportif, d\u00e9cor\u00e9 les habits et le grand a coll\u00e9 les pr\u00e9noms et les t\u00eates&nbsp;! La ma\u00eetresse a pris des photos-souvenirs de cette premi\u00e8re rencontre. &nbsp;Certains grands viennent nous aider pendant la r\u00e9cr\u00e9ation sur la cour avec les v\u00e9los, ou pour nous raconter une histoire, ou pour consoler un chagrin&nbsp;: ils sont nos anges -gardiens, sont tr\u00e8s gentils&nbsp;! &nbsp;&nbsp;&nbsp;&nbsp;<\/p>\n<p>ngg_shortcode_0_placeholderngg_shortcode_1_placeholder<\/p>\n","protected":false},"excerpt":{"rendered":"<p>Les \u00e9l\u00e8ves de Charl\u00e8ne en Cm1-CM2 sont venus&nbsp;: les grands seront nos amis d\u2019une autre classe durant l\u2019ann\u00e9e scolaire. Nous avons constitu\u00e9 des duos, et pour se souvenir du pr\u00e9nom&nbsp; de notre ange-gardien, nous avons fabriqu\u00e9 ensemble un marque-page pour le cahier de vie. Chacun a choisi un sportif, d\u00e9cor\u00e9 les habits et le grand<\/p>\n<p><a href=\"https:\/\/coueron-st-symphorien.fr\/?p=36738\" class=\"more-link themebutton\">Lire la suite<\/a><\/p>\n","protected":false},"author":12,"featured_media":0,"comment_status":"closed","ping_status":"closed","sticky":false,"template":"","format":"standard","meta":{"ngg_post_thumbnail":0,"footnotes":""},"categories":[21,12],"tags":[],"_links":{"self":[{"href":"https:\/\/coueron-st-symphorien.fr\/index.php?rest_route=\/wp\/v2\/posts\/36738"}],"collection":[{"href":"https:\/\/coueron-st-symphorien.fr\/index.php?rest_route=\/wp\/v2\/posts"}],"about":[{"href":"https:\/\/coueron-st-symphorien.fr\/index.php?rest_route=\/wp\/v2\/types\/post"}],"author":[{"embeddable":true,"href":"https:\/\/coueron-st-symphorien.fr\/index.php?rest_route=\/wp\/v2\/users\/12"}],"replies":[{"embeddable":true,"href":"https:\/\/coueron-st-symphorien.fr\/index.php?rest_route=%2Fwp%2Fv2%2Fcomments&post=36738"}],"version-history":[{"count":2,"href":"https:\/\/coueron-st-symphorien.fr\/index.php?rest_route=\/wp\/v2\/posts\/36738\/revisions"}],"predecessor-version":[{"id":36740,"href":"https:\/\/coueron-st-symphorien.fr\/index.php?rest_route=\/wp\/v2\/posts\/36738\/revisions\/36740"}],"wp:attachment":[{"href":"https:\/\/coueron-st-symphorien.fr\/index.php?rest_route=%2Fwp%2Fv2%2Fmedia&parent=36738"}],"wp:term":[{"taxonomy":"category","embeddable":true,"href":"https:\/\/coueron-st-symphorien.fr\/index.php?rest_route=%2Fwp%2Fv2%2Fcategories&post=36738"},{"taxonomy":"post_tag","embeddable":true,"href":"https:\/\/coueron-st-symphorien.fr\/index.php?rest_route=%2Fwp%2Fv2%2Ftags&post=36738"}],"curies":[{"name":"wp","href":"https:\/\/api.w.org\/{rel}","templated":true}]}}