{"id":36652,"date":"2023-09-14T17:10:28","date_gmt":"2023-09-14T16:10:28","guid":{"rendered":"https:\/\/coueron-st-symphorien.fr\/?p=36652"},"modified":"2023-09-14T17:10:28","modified_gmt":"2023-09-14T16:10:28","slug":"la-fete-de-la-rentree-en-maternelle-2","status":"publish","type":"post","link":"https:\/\/coueron-st-symphorien.fr\/?p=36652","title":{"rendered":"La f\u00eate de la rentr\u00e9e en maternelle"},"content":{"rendered":"<p style=\"text-align: center\">Ce jeudi matin, a eu lieu la traditionnelle F\u00eate de la rentr\u00e9e.<\/p>\n<p style=\"text-align: center\">Au programme :&nbsp;<\/p>\n<ul>\n<li style=\"text-align: left\">pr\u00e9sentation des nouveaux \u00e9l\u00e8ves<\/li>\n<li style=\"text-align: left\">exposition d&rsquo;un anneau par classe pour former ensemble le drapeau des Jeux Olympiques avec les mains de tous les enfants et les adultes de la maternelle<\/li>\n<li style=\"text-align: left\">danse sur la c\u00e9l\u00e8bre chanson \u00ab\u00a0<em>Il faut qu&rsquo;on s&rsquo;bouge\u00a0\u00bb<\/em><\/li>\n<li style=\"text-align: left\">puis partage d&rsquo;un go\u00fbter fort appr\u00e9ci\u00e9 !ngg_shortcode_0_placeholder<\/li>\n<\/ul>\n","protected":false},"excerpt":{"rendered":"<p>Ce jeudi matin, a eu lieu la traditionnelle F\u00eate de la rentr\u00e9e. Au programme :&nbsp; pr\u00e9sentation des nouveaux \u00e9l\u00e8ves exposition d&rsquo;un anneau par classe pour former ensemble le drapeau des Jeux Olympiques avec les mains de tous les enfants et les adultes de la maternelle danse sur la c\u00e9l\u00e8bre chanson \u00ab\u00a0Il faut qu&rsquo;on s&rsquo;bouge\u00a0\u00bb puis<\/p>\n<p><a href=\"https:\/\/coueron-st-symphorien.fr\/?p=36652\" class=\"more-link themebutton\">Lire la suite<\/a><\/p>\n","protected":false},"author":19,"featured_media":0,"comment_status":"closed","ping_status":"closed","sticky":false,"template":"","format":"standard","meta":{"ngg_post_thumbnail":0,"footnotes":""},"categories":[14,13,75,12,11],"tags":[],"_links":{"self":[{"href":"https:\/\/coueron-st-symphorien.fr\/index.php?rest_route=\/wp\/v2\/posts\/36652"}],"collection":[{"href":"https:\/\/coueron-st-symphorien.fr\/index.php?rest_route=\/wp\/v2\/posts"}],"about":[{"href":"https:\/\/coueron-st-symphorien.fr\/index.php?rest_route=\/wp\/v2\/types\/post"}],"author":[{"embeddable":true,"href":"https:\/\/coueron-st-symphorien.fr\/index.php?rest_route=\/wp\/v2\/users\/19"}],"replies":[{"embeddable":true,"href":"https:\/\/coueron-st-symphorien.fr\/index.php?rest_route=%2Fwp%2Fv2%2Fcomments&post=36652"}],"version-history":[{"count":1,"href":"https:\/\/coueron-st-symphorien.fr\/index.php?rest_route=\/wp\/v2\/posts\/36652\/revisions"}],"predecessor-version":[{"id":36653,"href":"https:\/\/coueron-st-symphorien.fr\/index.php?rest_route=\/wp\/v2\/posts\/36652\/revisions\/36653"}],"wp:attachment":[{"href":"https:\/\/coueron-st-symphorien.fr\/index.php?rest_route=%2Fwp%2Fv2%2Fmedia&parent=36652"}],"wp:term":[{"taxonomy":"category","embeddable":true,"href":"https:\/\/coueron-st-symphorien.fr\/index.php?rest_route=%2Fwp%2Fv2%2Fcategories&post=36652"},{"taxonomy":"post_tag","embeddable":true,"href":"https:\/\/coueron-st-symphorien.fr\/index.php?rest_route=%2Fwp%2Fv2%2Ftags&post=36652"}],"curies":[{"name":"wp","href":"https:\/\/api.w.org\/{rel}","templated":true}]}}