{"id":36589,"date":"2023-09-10T12:33:15","date_gmt":"2023-09-10T11:33:15","guid":{"rendered":"https:\/\/coueron-st-symphorien.fr\/?p=36589"},"modified":"2023-09-10T13:24:58","modified_gmt":"2023-09-10T12:24:58","slug":"premiere-semaine-des-ps","status":"publish","type":"post","link":"https:\/\/coueron-st-symphorien.fr\/?p=36589","title":{"rendered":"Premi\u00e8re semaine des PS"},"content":{"rendered":"<p>Les Petits d\u00e9couvrent les ateliers, apprennent \u00e0 rester avec leur groupe ,\u00e0 ranger puis \u00e0 venir sur les bancs de regroupement lorsque la ma\u00eetresse sonne. Premier coloriage rang\u00e9 pour le coller dans le cahier des apprentissages, premi\u00e8re peinture collective, premiers&nbsp; temps de garderie : pas simple de retrouver son cartable!<\/p>\n<p>Nous avons m\u00eame eu un go\u00fbter d&rsquo;anniversaire pour f\u00eater les 3 ans des enfants n\u00e9s en ao\u00fbt!&nbsp;<\/p>\n<p>Beaucoup de sourires d\u00e9j\u00e0 et des enfants heureux de jouer avec les autres !<\/p>\nngg_shortcode_0_placeholder\n","protected":false},"excerpt":{"rendered":"<p>Les Petits d\u00e9couvrent les ateliers, apprennent \u00e0 rester avec leur groupe ,\u00e0 ranger puis \u00e0 venir sur les bancs de regroupement lorsque la ma\u00eetresse sonne. Premier coloriage rang\u00e9 pour le coller dans le cahier des apprentissages, premi\u00e8re peinture collective, premiers&nbsp; temps de garderie : pas simple de retrouver son cartable! Nous avons m\u00eame eu un<\/p>\n<p><a href=\"https:\/\/coueron-st-symphorien.fr\/?p=36589\" class=\"more-link themebutton\">Lire la suite<\/a><\/p>\n","protected":false},"author":12,"featured_media":0,"comment_status":"closed","ping_status":"closed","sticky":false,"template":"","format":"standard","meta":{"ngg_post_thumbnail":0,"footnotes":""},"categories":[12],"tags":[],"_links":{"self":[{"href":"https:\/\/coueron-st-symphorien.fr\/index.php?rest_route=\/wp\/v2\/posts\/36589"}],"collection":[{"href":"https:\/\/coueron-st-symphorien.fr\/index.php?rest_route=\/wp\/v2\/posts"}],"about":[{"href":"https:\/\/coueron-st-symphorien.fr\/index.php?rest_route=\/wp\/v2\/types\/post"}],"author":[{"embeddable":true,"href":"https:\/\/coueron-st-symphorien.fr\/index.php?rest_route=\/wp\/v2\/users\/12"}],"replies":[{"embeddable":true,"href":"https:\/\/coueron-st-symphorien.fr\/index.php?rest_route=%2Fwp%2Fv2%2Fcomments&post=36589"}],"version-history":[{"count":8,"href":"https:\/\/coueron-st-symphorien.fr\/index.php?rest_route=\/wp\/v2\/posts\/36589\/revisions"}],"predecessor-version":[{"id":36628,"href":"https:\/\/coueron-st-symphorien.fr\/index.php?rest_route=\/wp\/v2\/posts\/36589\/revisions\/36628"}],"wp:attachment":[{"href":"https:\/\/coueron-st-symphorien.fr\/index.php?rest_route=%2Fwp%2Fv2%2Fmedia&parent=36589"}],"wp:term":[{"taxonomy":"category","embeddable":true,"href":"https:\/\/coueron-st-symphorien.fr\/index.php?rest_route=%2Fwp%2Fv2%2Fcategories&post=36589"},{"taxonomy":"post_tag","embeddable":true,"href":"https:\/\/coueron-st-symphorien.fr\/index.php?rest_route=%2Fwp%2Fv2%2Ftags&post=36589"}],"curies":[{"name":"wp","href":"https:\/\/api.w.org\/{rel}","templated":true}]}}