{"id":3630,"date":"2017-09-29T16:01:20","date_gmt":"2017-09-29T15:01:20","guid":{"rendered":"https:\/\/coueron-st-symphorien.fr\/?p=3630"},"modified":"2017-09-29T16:02:51","modified_gmt":"2017-09-29T15:02:51","slug":"elections-des-delegues-avec-nos-anges-gardiens","status":"publish","type":"post","link":"https:\/\/coueron-st-symphorien.fr\/?p=3630","title":{"rendered":"\u00e9lections des d\u00e9l\u00e9gu\u00e9s avec nos anges gardiens"},"content":{"rendered":"ngg_shortcode_0_placeholder\n<p>Ce vendredi 29 septembre nous avons \u00e9lu nos d\u00e9l\u00e9gu\u00e9s de classe. Nous sommes all\u00e9s dans la salle polyvalente, avec nos anges gardiens de CM2. Certains \u00e9l\u00e8ves \u00e9taient assesseurs, nous avons \u00e9marg\u00e9, nous sommes all\u00e9s dans l&rsquo;isoloir et nous avons mis notre bulletin dans l&rsquo;urne. Ensuite les assesseurs ont tamponn\u00e9 notre carte d&rsquo;\u00e9lecteur.<\/p>\n","protected":false},"excerpt":{"rendered":"<p>\u00a0\u00bb order_by=\u00a0\u00bbsortorder\u00a0\u00bb order_direction=\u00a0\u00bbASC\u00a0\u00bb returns=\u00a0\u00bbincluded\u00a0\u00bb maximum_entity_count=\u00a0\u00bb500&Prime;] Ce vendredi 29 septembre nous avons \u00e9lu nos d\u00e9l\u00e9gu\u00e9s de classe. Nous sommes all\u00e9s dans la salle polyvalente, avec nos anges gardiens de CM2. Certains \u00e9l\u00e8ves \u00e9taient assesseurs, nous avons \u00e9marg\u00e9, nous sommes all\u00e9s dans l&rsquo;isoloir et nous avons mis notre bulletin dans l&rsquo;urne. Ensuite les assesseurs ont tamponn\u00e9 notre<\/p>\n<p><a href=\"https:\/\/coueron-st-symphorien.fr\/?p=3630\" class=\"more-link themebutton\">Lire la suite<\/a><\/p>\n","protected":false},"author":6,"featured_media":0,"comment_status":"closed","ping_status":"closed","sticky":false,"template":"","format":"standard","meta":{"ngg_post_thumbnail":0,"footnotes":""},"categories":[18],"tags":[],"_links":{"self":[{"href":"https:\/\/coueron-st-symphorien.fr\/index.php?rest_route=\/wp\/v2\/posts\/3630"}],"collection":[{"href":"https:\/\/coueron-st-symphorien.fr\/index.php?rest_route=\/wp\/v2\/posts"}],"about":[{"href":"https:\/\/coueron-st-symphorien.fr\/index.php?rest_route=\/wp\/v2\/types\/post"}],"author":[{"embeddable":true,"href":"https:\/\/coueron-st-symphorien.fr\/index.php?rest_route=\/wp\/v2\/users\/6"}],"replies":[{"embeddable":true,"href":"https:\/\/coueron-st-symphorien.fr\/index.php?rest_route=%2Fwp%2Fv2%2Fcomments&post=3630"}],"version-history":[{"count":3,"href":"https:\/\/coueron-st-symphorien.fr\/index.php?rest_route=\/wp\/v2\/posts\/3630\/revisions"}],"predecessor-version":[{"id":3745,"href":"https:\/\/coueron-st-symphorien.fr\/index.php?rest_route=\/wp\/v2\/posts\/3630\/revisions\/3745"}],"wp:attachment":[{"href":"https:\/\/coueron-st-symphorien.fr\/index.php?rest_route=%2Fwp%2Fv2%2Fmedia&parent=3630"}],"wp:term":[{"taxonomy":"category","embeddable":true,"href":"https:\/\/coueron-st-symphorien.fr\/index.php?rest_route=%2Fwp%2Fv2%2Fcategories&post=3630"},{"taxonomy":"post_tag","embeddable":true,"href":"https:\/\/coueron-st-symphorien.fr\/index.php?rest_route=%2Fwp%2Fv2%2Ftags&post=3630"}],"curies":[{"name":"wp","href":"https:\/\/api.w.org\/{rel}","templated":true}]}}