{"id":36289,"date":"2023-06-29T11:37:41","date_gmt":"2023-06-29T10:37:41","guid":{"rendered":"https:\/\/coueron-st-symphorien.fr\/?p=36289"},"modified":"2023-06-29T11:37:41","modified_gmt":"2023-06-29T10:37:41","slug":"%f0%9f%9f%a0%f0%9f%9f%a1%f0%9f%9f%a2-bancs-de-lamitie-%f0%9f%94%b5%f0%9f%9f%a3%f0%9f%94%b4","status":"publish","type":"post","link":"https:\/\/coueron-st-symphorien.fr\/?p=36289","title":{"rendered":"&#x1f7e0;&#x1f7e1;&#x1f7e2;\u00a0BANCS DE L&rsquo;AMITIE\u00a0&#x1f535;&#x1f7e3;&#x1f534;"},"content":{"rendered":"<div>\n<div>&#x1f7e0;&#x1f7e1;&#x1f7e2;&nbsp;<b>BANCS DE L&rsquo;AMITIE<\/b>&nbsp;&#x1f535;&#x1f7e3;&#x1f534;<\/div>\n<div>&nbsp;<\/div>\n<div><span style=\"font-family: Calibri,Arial,Helvetica,sans-serif;font-size: small\">Deux jolis bancs multicolores ont trouv\u00e9 leur place sur les cours de r\u00e9cr\u00e9ation !<\/span><\/div>\n<div>&nbsp;<\/div>\n<div><span style=\"font-family: Calibri,Arial,Helvetica,sans-serif;font-size: medium\">&#x1f9f8;&#x1f682;<\/span>\u200b <span style=\"font-family: Calibri,Arial,Helvetica,sans-serif;font-size: small\">Du c\u00f4t\u00e9 des maternelles : l&rsquo;APEL a pu financer enti\u00e8rement cet achat, gr\u00e2ce aux actions men\u00e9es tout au long de l&rsquo;ann\u00e9e et avec un don de l&rsquo;APEL 44 <\/span>&#x1f64f;<\/div>\n<div>&nbsp;<\/div>\n<div><span style=\"font-size: large\">&#x1f392;<\/span><span style=\"font-size: large\">&#x1f6b8;<span style=\"font-family: Calibri,Arial,Helvetica,sans-serif;font-size: small\">Du c\u00f4t\u00e9 des primaires : un des bancs a \u00e9t\u00e9 repeint gr\u00e2ce \u00e0 Gildas et aux d\u00e9l\u00e9gu\u00e9s de classes.<\/span><\/span><\/div>\n<div>&nbsp;<\/div>\n<div><a href=\"https:\/\/coueron-st-symphorien.fr\/wp-content\/uploads\/2023\/06\/IMG_9967.jpeg\"><img loading=\"lazy\" decoding=\"async\" class=\"alignnone size-medium wp-image-36287\" src=\"https:\/\/coueron-st-symphorien.fr\/wp-content\/uploads\/2023\/06\/IMG_9967-300x225.jpeg\" alt=\"\" width=\"300\" height=\"225\" srcset=\"https:\/\/coueron-st-symphorien.fr\/wp-content\/uploads\/2023\/06\/IMG_9967-300x225.jpeg 300w, https:\/\/coueron-st-symphorien.fr\/wp-content\/uploads\/2023\/06\/IMG_9967.jpeg 555w\" sizes=\"(max-width: 300px) 100vw, 300px\" \/>&nbsp;&nbsp;&nbsp;&nbsp;&nbsp;&nbsp;&nbsp;&nbsp;&nbsp;&nbsp;&nbsp;&nbsp;&nbsp;&nbsp;&nbsp;&nbsp;&nbsp;&nbsp;&nbsp;&nbsp;&nbsp;&nbsp;&nbsp;&nbsp;&nbsp;&nbsp;&nbsp;&nbsp;<\/a> <a href=\"https:\/\/coueron-st-symphorien.fr\/wp-content\/uploads\/2023\/06\/e3ed20ba-6594-40b6-bfa2-883fe052c966.jpg\"><img loading=\"lazy\" decoding=\"async\" class=\"alignnone size-medium wp-image-36288\" src=\"https:\/\/coueron-st-symphorien.fr\/wp-content\/uploads\/2023\/06\/e3ed20ba-6594-40b6-bfa2-883fe052c966-300x225.jpg\" alt=\"\" width=\"300\" height=\"225\" srcset=\"https:\/\/coueron-st-symphorien.fr\/wp-content\/uploads\/2023\/06\/e3ed20ba-6594-40b6-bfa2-883fe052c966-300x225.jpg 300w, https:\/\/coueron-st-symphorien.fr\/wp-content\/uploads\/2023\/06\/e3ed20ba-6594-40b6-bfa2-883fe052c966.jpg 555w\" sizes=\"(max-width: 300px) 100vw, 300px\" \/><\/a><\/div>\n<div>&nbsp;<\/div>\n<div>\n<div><span style=\"font-family: Calibri,Arial,Helvetica,sans-serif;font-size: small\">&nbsp;&#x27a1;&#xfe0f; &nbsp;&nbsp;Mais qu\u2019est- ce qu\u2019un banc de l\u2019amiti\u00e9 ?<\/span><\/div>\n<div><span style=\"font-family: Calibri,Arial,Helvetica,sans-serif;font-size: small\"><br \/>\nCe n\u2019est pas un&nbsp; simple nouveau banc dans la cour de l\u2019\u00e9cole. C\u2019est surtout un repaire dans la cour de r\u00e9cr\u00e9ation pour les \u00e9l\u00e8ves qui sont seuls ou qui ont besoin de r\u00e9confort.<\/span><\/div>\n<div><span style=\"font-family: Calibri,Arial,Helvetica,sans-serif;font-size: small\"><br \/>\nCe banc de l\u2019amiti\u00e9 est un coin connu par tous les \u00e9l\u00e8ves, un endroit accueillant, pour que les \u00e9l\u00e8ves puissent s\u2019y assoir un moment, pour r\u00e9fl\u00e9chir, pour \u00eatre tranquille mais \u00e9galement pour faire savoir aux autres qu\u2019ils ont besoin de compagnie.<\/span><\/div>\n<div><span style=\"font-family: Calibri,Arial,Helvetica,sans-serif;font-size: small\"><br \/>\nLe banc permet donc \u00e0 la personne qui se sent seule, ou n\u2019ose pas, n\u2019arrive pas, \u00e0 faire savoir qu\u2019elle a besoin d\u2019interactions avec les autres.<\/span><\/div>\n<div><span style=\"font-family: Calibri,Arial,Helvetica,sans-serif;font-size: small\"><br \/>\nCe banc est aussi un bon moyen de d\u00e9velopper les capacit\u00e9s d\u2019observation des autres, d\u2019ouverture vers les autres et de d\u00e9velopper l\u2019empathie des enfants.<\/span><\/div>\n<div><span style=\"font-family: Calibri,Arial,Helvetica,sans-serif;font-size: small\"><br \/>\nLe banc de l\u2019amiti\u00e9 sert de lieu de rencontre, permet d\u2019aller vers d\u2019autres personnes, d\u2019int\u00e9grer un nouveau camarade \u00e0 son groupe de copains.&nbsp;<\/span><\/div>\n<div>&nbsp;<\/div>\n<div><span style=\"font-family: Calibri,Arial,Helvetica,sans-serif;font-size: small\">Un travail de pr\u00e9sentation a \u00e9t\u00e9 fait en amont dans les classes avec les institutrices afin d&rsquo;expliquer \u00e0 vos enfants \u00e0 quoi servent ces bancs. Nous esp\u00e9rons qu&rsquo;ils seront source d&rsquo;\u00e9changes chaleureux entre tous et une aide pour certains !<br \/>\n<\/span><\/div>\n<div>&nbsp;<\/div>\n<div><span style=\"font-family: Calibri,Arial,Helvetica,sans-serif;font-size: small\"><span style=\"font-family: Calibri,Arial,Helvetica,sans-serif;font-size: medium\">&#x1f9e9;&#x1f6dd; &#x1f3b3;&nbsp;<\/span><span style=\"font-family: Calibri,Arial,Helvetica,sans-serif;font-size: medium\">&#x1f91d;&nbsp;<\/span><span style=\"font-family: Calibri,Arial,Helvetica,sans-serif;font-size: medium\">&#x1f46f;&#x200d;&#x2642;&#xfe0f;<\/span><br \/>\n<\/span><\/div>\n<div><span style=\"font-family: Calibri,Arial,Helvetica,sans-serif;font-size: small\">&nbsp;<\/span><\/div>\n<div><span style=\"font-family: Calibri,Arial,Helvetica,sans-serif;font-size: small\">Merci \u00e0 tous&nbsp;<span style=\"font-family: Calibri,Arial,Helvetica,sans-serif\">&#x1f64f;&#x1f3fb;<\/span>&nbsp;et au plaisir de vous voir \u00e0 la f\u00eate des projets&#8230;<\/span><\/div>\n<div><span style=\"font-family: Calibri,Arial,Helvetica,sans-serif;font-size: small\">&nbsp;<\/span><\/div>\n<div><span style=\"font-family: Calibri,Arial,Helvetica,sans-serif;font-size: small\">Les b\u00e9n\u00e9voles de l&rsquo;APEL<\/span><\/div>\n<\/div>\n<\/div>\n<div><span style=\"font-size: large\">&nbsp;<\/span><\/div>\n<div><span style=\"font-size: large\">&nbsp;<\/span><\/div>\n<div>\n<div>&nbsp;<\/div>\n<\/div>\n","protected":false},"excerpt":{"rendered":"<p>&#x1f7e0;&#x1f7e1;&#x1f7e2;&nbsp;BANCS DE L&rsquo;AMITIE&nbsp;&#x1f535;&#x1f7e3;&#x1f534; &nbsp; Deux jolis bancs multicolores ont trouv\u00e9 leur place sur les cours de r\u00e9cr\u00e9ation ! &nbsp; &#x1f9f8;&#x1f682;\u200b Du c\u00f4t\u00e9 des maternelles : l&rsquo;APEL a pu financer enti\u00e8rement cet achat, gr\u00e2ce aux actions men\u00e9es tout au long de l&rsquo;ann\u00e9e et avec un don de l&rsquo;APEL 44 &#x1f64f; &nbsp; &#x1f392;&#x1f6b8;Du c\u00f4t\u00e9 des primaires :<\/p>\n<p><a href=\"https:\/\/coueron-st-symphorien.fr\/?p=36289\" class=\"more-link themebutton\">Lire la suite<\/a><\/p>\n","protected":false},"author":21,"featured_media":0,"comment_status":"closed","ping_status":"closed","sticky":false,"template":"","format":"standard","meta":{"ngg_post_thumbnail":0,"footnotes":""},"categories":[7],"tags":[],"_links":{"self":[{"href":"https:\/\/coueron-st-symphorien.fr\/index.php?rest_route=\/wp\/v2\/posts\/36289"}],"collection":[{"href":"https:\/\/coueron-st-symphorien.fr\/index.php?rest_route=\/wp\/v2\/posts"}],"about":[{"href":"https:\/\/coueron-st-symphorien.fr\/index.php?rest_route=\/wp\/v2\/types\/post"}],"author":[{"embeddable":true,"href":"https:\/\/coueron-st-symphorien.fr\/index.php?rest_route=\/wp\/v2\/users\/21"}],"replies":[{"embeddable":true,"href":"https:\/\/coueron-st-symphorien.fr\/index.php?rest_route=%2Fwp%2Fv2%2Fcomments&post=36289"}],"version-history":[{"count":4,"href":"https:\/\/coueron-st-symphorien.fr\/index.php?rest_route=\/wp\/v2\/posts\/36289\/revisions"}],"predecessor-version":[{"id":36293,"href":"https:\/\/coueron-st-symphorien.fr\/index.php?rest_route=\/wp\/v2\/posts\/36289\/revisions\/36293"}],"wp:attachment":[{"href":"https:\/\/coueron-st-symphorien.fr\/index.php?rest_route=%2Fwp%2Fv2%2Fmedia&parent=36289"}],"wp:term":[{"taxonomy":"category","embeddable":true,"href":"https:\/\/coueron-st-symphorien.fr\/index.php?rest_route=%2Fwp%2Fv2%2Fcategories&post=36289"},{"taxonomy":"post_tag","embeddable":true,"href":"https:\/\/coueron-st-symphorien.fr\/index.php?rest_route=%2Fwp%2Fv2%2Ftags&post=36289"}],"curies":[{"name":"wp","href":"https:\/\/api.w.org\/{rel}","templated":true}]}}