{"id":35930,"date":"2023-06-21T09:58:43","date_gmt":"2023-06-21T08:58:43","guid":{"rendered":"https:\/\/coueron-st-symphorien.fr\/?p=35930"},"modified":"2023-06-21T09:58:43","modified_gmt":"2023-06-21T08:58:43","slug":"course-contre-la-faim","status":"publish","type":"post","link":"https:\/\/coueron-st-symphorien.fr\/?p=35930","title":{"rendered":"Course contre la faim"},"content":{"rendered":"<p>Le Vendredi 9 juin, les CM2 et les CM1-CM2 ont particip\u00e9 \u00e0 la Course contre la faim. Le but \u00e9tait de courir pendant 10 minutes afin de r\u00e9colter des fonds pour l&rsquo;association Action contre la faim. Les \u00e9l\u00e8ves ont ainsi r\u00e9colt\u00e9 pr\u00e8s de 3000\u20ac ! Bravo \u00e0 tous et merci aux donateurs !<\/p>\nngg_shortcode_0_placeholder\n","protected":false},"excerpt":{"rendered":"<p>Le Vendredi 9 juin, les CM2 et les CM1-CM2 ont particip\u00e9 \u00e0 la Course contre la faim. Le but \u00e9tait de courir pendant 10 minutes afin de r\u00e9colter des fonds pour l&rsquo;association Action contre la faim. Les \u00e9l\u00e8ves ont ainsi r\u00e9colt\u00e9 pr\u00e8s de 3000\u20ac ! Bravo \u00e0 tous et merci aux donateurs !<\/p>\n","protected":false},"author":24,"featured_media":0,"comment_status":"closed","ping_status":"closed","sticky":false,"template":"","format":"standard","meta":{"ngg_post_thumbnail":0,"footnotes":""},"categories":[21,22],"tags":[],"_links":{"self":[{"href":"https:\/\/coueron-st-symphorien.fr\/index.php?rest_route=\/wp\/v2\/posts\/35930"}],"collection":[{"href":"https:\/\/coueron-st-symphorien.fr\/index.php?rest_route=\/wp\/v2\/posts"}],"about":[{"href":"https:\/\/coueron-st-symphorien.fr\/index.php?rest_route=\/wp\/v2\/types\/post"}],"author":[{"embeddable":true,"href":"https:\/\/coueron-st-symphorien.fr\/index.php?rest_route=\/wp\/v2\/users\/24"}],"replies":[{"embeddable":true,"href":"https:\/\/coueron-st-symphorien.fr\/index.php?rest_route=%2Fwp%2Fv2%2Fcomments&post=35930"}],"version-history":[{"count":1,"href":"https:\/\/coueron-st-symphorien.fr\/index.php?rest_route=\/wp\/v2\/posts\/35930\/revisions"}],"predecessor-version":[{"id":35998,"href":"https:\/\/coueron-st-symphorien.fr\/index.php?rest_route=\/wp\/v2\/posts\/35930\/revisions\/35998"}],"wp:attachment":[{"href":"https:\/\/coueron-st-symphorien.fr\/index.php?rest_route=%2Fwp%2Fv2%2Fmedia&parent=35930"}],"wp:term":[{"taxonomy":"category","embeddable":true,"href":"https:\/\/coueron-st-symphorien.fr\/index.php?rest_route=%2Fwp%2Fv2%2Fcategories&post=35930"},{"taxonomy":"post_tag","embeddable":true,"href":"https:\/\/coueron-st-symphorien.fr\/index.php?rest_route=%2Fwp%2Fv2%2Ftags&post=35930"}],"curies":[{"name":"wp","href":"https:\/\/api.w.org\/{rel}","templated":true}]}}