{"id":35865,"date":"2023-06-15T23:17:10","date_gmt":"2023-06-15T22:17:10","guid":{"rendered":"https:\/\/coueron-st-symphorien.fr\/?p=35865"},"modified":"2023-06-20T20:17:40","modified_gmt":"2023-06-20T19:17:40","slug":"sortie-a-locearium-pour-les-ps-et-les-ps-ms","status":"publish","type":"post","link":"https:\/\/coueron-st-symphorien.fr\/?p=35865","title":{"rendered":"Sortie \u00e0 l&rsquo;oc\u00e9arium pour les PS et les PS MS"},"content":{"rendered":"<p>Mardi 13 juin les \u00e9l\u00e8ves des classes de Delphine\/Camille et de Maryse sont partis en car, direction l\u2019oc\u00e9arium du Croisic !<\/p>\n<p>&nbsp; <a href=\"https:\/\/coueron-st-symphorien.fr\/wp-content\/uploads\/2023\/06\/00.jpg\"><img loading=\"lazy\" decoding=\"async\" class=\"alignnone size-medium wp-image-35868\" src=\"https:\/\/coueron-st-symphorien.fr\/wp-content\/uploads\/2023\/06\/00-300x225.jpg\" alt=\"\" width=\"300\" height=\"225\" srcset=\"https:\/\/coueron-st-symphorien.fr\/wp-content\/uploads\/2023\/06\/00-300x225.jpg 300w, https:\/\/coueron-st-symphorien.fr\/wp-content\/uploads\/2023\/06\/00-1024x768.jpg 1024w, https:\/\/coueron-st-symphorien.fr\/wp-content\/uploads\/2023\/06\/00-768x576.jpg 768w, https:\/\/coueron-st-symphorien.fr\/wp-content\/uploads\/2023\/06\/00-1536x1152.jpg 1536w, https:\/\/coueron-st-symphorien.fr\/wp-content\/uploads\/2023\/06\/00.jpg 2000w\" sizes=\"(max-width: 300px) 100vw, 300px\" \/>&nbsp; <\/a><a href=\"https:\/\/coueron-st-symphorien.fr\/wp-content\/uploads\/2023\/06\/1-car-aller.jpg\"><img loading=\"lazy\" decoding=\"async\" class=\"alignnone size-medium wp-image-35869\" src=\"https:\/\/coueron-st-symphorien.fr\/wp-content\/uploads\/2023\/06\/1-car-aller-300x225.jpg\" alt=\"\" width=\"300\" height=\"225\" srcset=\"https:\/\/coueron-st-symphorien.fr\/wp-content\/uploads\/2023\/06\/1-car-aller-300x225.jpg 300w, https:\/\/coueron-st-symphorien.fr\/wp-content\/uploads\/2023\/06\/1-car-aller-1024x768.jpg 1024w, https:\/\/coueron-st-symphorien.fr\/wp-content\/uploads\/2023\/06\/1-car-aller-768x576.jpg 768w, https:\/\/coueron-st-symphorien.fr\/wp-content\/uploads\/2023\/06\/1-car-aller-1536x1152.jpg 1536w, https:\/\/coueron-st-symphorien.fr\/wp-content\/uploads\/2023\/06\/1-car-aller.jpg 1832w\" sizes=\"(max-width: 300px) 100vw, 300px\" \/><\/a><\/p>\n<p>Les enfants ont pu assister au repas des manchots, rendu difficile par la pr\u00e9sence des go\u00e9lands qui souhaitaient aussi manger les poissons\u2026 Nous avons appris que les manchots sont des oiseaux qui ne savent pas voler mais qui savent nager pour chercher leur nourriture&#8230;<\/p>\n<p>ngg_shortcode_0_placeholderPuis, par petits groupes, les enfants ont circul\u00e9 dans l\u2019oc\u00e9arium pour observer les poissons tropicaux, les m\u00e9duses, les pieuvres, les raies, les requins et autres animaux marins&#8230;<\/p>\n<p>ngg_shortcode_1_placeholderCette promenade a \u00e9t\u00e9 entrecoup\u00e9e par un pique-nique bien appr\u00e9ci\u00e9 des enfants!!!<\/p>\n<p>ngg_shortcode_2_placeholderPuis le retour en car a \u00e9t\u00e9 l&rsquo;occasion de bien se reposer pour certains!<\/p>\nngg_shortcode_3_placeholder\n<p>&nbsp;<\/p>\n","protected":false},"excerpt":{"rendered":"<p>Mardi 13 juin les \u00e9l\u00e8ves des classes de Delphine\/Camille et de Maryse sont partis en car, direction l\u2019oc\u00e9arium du Croisic ! &nbsp; &nbsp; Les enfants ont pu assister au repas des manchots, rendu difficile par la pr\u00e9sence des go\u00e9lands qui souhaitaient aussi manger les poissons\u2026 Nous avons appris que les manchots sont des oiseaux qui<\/p>\n<p><a href=\"https:\/\/coueron-st-symphorien.fr\/?p=35865\" class=\"more-link themebutton\">Lire la suite<\/a><\/p>\n","protected":false},"author":4,"featured_media":0,"comment_status":"closed","ping_status":"closed","sticky":false,"template":"","format":"standard","meta":{"ngg_post_thumbnail":0,"footnotes":""},"categories":[12,11],"tags":[],"_links":{"self":[{"href":"https:\/\/coueron-st-symphorien.fr\/index.php?rest_route=\/wp\/v2\/posts\/35865"}],"collection":[{"href":"https:\/\/coueron-st-symphorien.fr\/index.php?rest_route=\/wp\/v2\/posts"}],"about":[{"href":"https:\/\/coueron-st-symphorien.fr\/index.php?rest_route=\/wp\/v2\/types\/post"}],"author":[{"embeddable":true,"href":"https:\/\/coueron-st-symphorien.fr\/index.php?rest_route=\/wp\/v2\/users\/4"}],"replies":[{"embeddable":true,"href":"https:\/\/coueron-st-symphorien.fr\/index.php?rest_route=%2Fwp%2Fv2%2Fcomments&post=35865"}],"version-history":[{"count":9,"href":"https:\/\/coueron-st-symphorien.fr\/index.php?rest_route=\/wp\/v2\/posts\/35865\/revisions"}],"predecessor-version":[{"id":35928,"href":"https:\/\/coueron-st-symphorien.fr\/index.php?rest_route=\/wp\/v2\/posts\/35865\/revisions\/35928"}],"wp:attachment":[{"href":"https:\/\/coueron-st-symphorien.fr\/index.php?rest_route=%2Fwp%2Fv2%2Fmedia&parent=35865"}],"wp:term":[{"taxonomy":"category","embeddable":true,"href":"https:\/\/coueron-st-symphorien.fr\/index.php?rest_route=%2Fwp%2Fv2%2Fcategories&post=35865"},{"taxonomy":"post_tag","embeddable":true,"href":"https:\/\/coueron-st-symphorien.fr\/index.php?rest_route=%2Fwp%2Fv2%2Ftags&post=35865"}],"curies":[{"name":"wp","href":"https:\/\/api.w.org\/{rel}","templated":true}]}}