{"id":35172,"date":"2023-05-08T09:21:49","date_gmt":"2023-05-08T08:21:49","guid":{"rendered":"https:\/\/coueron-st-symphorien.fr\/?p=35172"},"modified":"2023-05-08T09:43:28","modified_gmt":"2023-05-08T08:43:28","slug":"les-ce2-lisent-leur-conte-aux-ms-gs","status":"publish","type":"post","link":"https:\/\/coueron-st-symphorien.fr\/?p=35172","title":{"rendered":"Les CE2 lisent leur conte aux MS\/GS."},"content":{"rendered":"<p>Dans le cadre de leur projet d&rsquo;ann\u00e9e, les CE2 ont \u00e9crit des contes des origines.<\/p>\n<p>En classe, ils ont d&rsquo;abord lu diff\u00e9rents contes:&nbsp; &nbsp;&nbsp;L&rsquo;enfant d&rsquo;\u00e9l\u00e9phant.&nbsp; &nbsp; Pourquoi les corbeaux sont-ils tout noirs?&nbsp; &nbsp;&#8230;<\/p>\n<p>Puis par petits groupes, ils ont \u00e9crit leur propre histoire et ont fait l&rsquo;illustration.&nbsp;<\/p>\n<p>Au retour des vacances, ils sont all\u00e9s les lire \u00e0 leurs anges-gardiens.<\/p>\n<p>ngg_shortcode_0_placeholder<\/p>\n","protected":false},"excerpt":{"rendered":"<p>Dans le cadre de leur projet d&rsquo;ann\u00e9e, les CE2 ont \u00e9crit des contes des origines. En classe, ils ont d&rsquo;abord lu diff\u00e9rents contes:&nbsp; &nbsp;&nbsp;L&rsquo;enfant d&rsquo;\u00e9l\u00e9phant.&nbsp; &nbsp; Pourquoi les corbeaux sont-ils tout noirs?&nbsp; &nbsp;&#8230; Puis par petits groupes, ils ont \u00e9crit leur propre histoire et ont fait l&rsquo;illustration.&nbsp; Au retour des vacances, ils sont all\u00e9s les<\/p>\n<p><a href=\"https:\/\/coueron-st-symphorien.fr\/?p=35172\" class=\"more-link themebutton\">Lire la suite<\/a><\/p>\n","protected":false},"author":5,"featured_media":0,"comment_status":"closed","ping_status":"closed","sticky":false,"template":"","format":"standard","meta":{"ngg_post_thumbnail":0,"footnotes":""},"categories":[19,13],"tags":[],"_links":{"self":[{"href":"https:\/\/coueron-st-symphorien.fr\/index.php?rest_route=\/wp\/v2\/posts\/35172"}],"collection":[{"href":"https:\/\/coueron-st-symphorien.fr\/index.php?rest_route=\/wp\/v2\/posts"}],"about":[{"href":"https:\/\/coueron-st-symphorien.fr\/index.php?rest_route=\/wp\/v2\/types\/post"}],"author":[{"embeddable":true,"href":"https:\/\/coueron-st-symphorien.fr\/index.php?rest_route=\/wp\/v2\/users\/5"}],"replies":[{"embeddable":true,"href":"https:\/\/coueron-st-symphorien.fr\/index.php?rest_route=%2Fwp%2Fv2%2Fcomments&post=35172"}],"version-history":[{"count":2,"href":"https:\/\/coueron-st-symphorien.fr\/index.php?rest_route=\/wp\/v2\/posts\/35172\/revisions"}],"predecessor-version":[{"id":35178,"href":"https:\/\/coueron-st-symphorien.fr\/index.php?rest_route=\/wp\/v2\/posts\/35172\/revisions\/35178"}],"wp:attachment":[{"href":"https:\/\/coueron-st-symphorien.fr\/index.php?rest_route=%2Fwp%2Fv2%2Fmedia&parent=35172"}],"wp:term":[{"taxonomy":"category","embeddable":true,"href":"https:\/\/coueron-st-symphorien.fr\/index.php?rest_route=%2Fwp%2Fv2%2Fcategories&post=35172"},{"taxonomy":"post_tag","embeddable":true,"href":"https:\/\/coueron-st-symphorien.fr\/index.php?rest_route=%2Fwp%2Fv2%2Ftags&post=35172"}],"curies":[{"name":"wp","href":"https:\/\/api.w.org\/{rel}","templated":true}]}}