{"id":35130,"date":"2023-04-27T22:28:12","date_gmt":"2023-04-27T21:28:12","guid":{"rendered":"https:\/\/coueron-st-symphorien.fr\/?p=35130"},"modified":"2023-04-27T22:28:12","modified_gmt":"2023-04-27T21:28:12","slug":"une-fete-du-partage-reussie","status":"publish","type":"post","link":"https:\/\/coueron-st-symphorien.fr\/?p=35130","title":{"rendered":"Une f\u00eate du partage r\u00e9ussie!"},"content":{"rendered":"<p>La f\u00eate du partage fait partie des temps forts de l&rsquo;ann\u00e9e. Elle r\u00e9unit tous les \u00e9l\u00e8ves du primaire autour de jeux coop\u00e9ratifs et ce sont les CM2, tr\u00e8s fiers, qui animent les jeux et ateliers: maquillage, course en sac, parcours, chamboule tout &#8230;<\/p>\n<p>Chacun a pris part \u00e0 ce moment convivial le mercredi 12 avril malgr\u00e9 le ciel mena\u00e7ant.&nbsp;<\/p>\n<p>La f\u00eate du partage rappelle \u00e0 tous l&rsquo;int\u00e9r\u00eat de l&rsquo;entraide et intervient suite \u00e0 la collecte en faveur d&rsquo;une association, cette ann\u00e9e le Secours Populaire, dont un b\u00e9n\u00e9vole est venu nous pr\u00e9senter le r\u00f4le de son association.<\/p>\n<p>C&rsquo;est aussi l&rsquo;occasion de rappeler le sens de la p\u00e9riode de P\u00e2ques, avec la venue du pr\u00eatre de la paroisse dans les classes.<\/p>\nngg_shortcode_0_placeholder\n","protected":false},"excerpt":{"rendered":"<p>La f\u00eate du partage fait partie des temps forts de l&rsquo;ann\u00e9e. Elle r\u00e9unit tous les \u00e9l\u00e8ves du primaire autour de jeux coop\u00e9ratifs et ce sont les CM2, tr\u00e8s fiers, qui animent les jeux et ateliers: maquillage, course en sac, parcours, chamboule tout &#8230; Chacun a pris part \u00e0 ce moment convivial le mercredi 12 avril<\/p>\n<p><a href=\"https:\/\/coueron-st-symphorien.fr\/?p=35130\" class=\"more-link themebutton\">Lire la suite<\/a><\/p>\n","protected":false},"author":7,"featured_media":0,"comment_status":"closed","ping_status":"closed","sticky":false,"template":"","format":"standard","meta":{"ngg_post_thumbnail":0,"footnotes":""},"categories":[17,18,19,21,20,22,16,15],"tags":[],"_links":{"self":[{"href":"https:\/\/coueron-st-symphorien.fr\/index.php?rest_route=\/wp\/v2\/posts\/35130"}],"collection":[{"href":"https:\/\/coueron-st-symphorien.fr\/index.php?rest_route=\/wp\/v2\/posts"}],"about":[{"href":"https:\/\/coueron-st-symphorien.fr\/index.php?rest_route=\/wp\/v2\/types\/post"}],"author":[{"embeddable":true,"href":"https:\/\/coueron-st-symphorien.fr\/index.php?rest_route=\/wp\/v2\/users\/7"}],"replies":[{"embeddable":true,"href":"https:\/\/coueron-st-symphorien.fr\/index.php?rest_route=%2Fwp%2Fv2%2Fcomments&post=35130"}],"version-history":[{"count":3,"href":"https:\/\/coueron-st-symphorien.fr\/index.php?rest_route=\/wp\/v2\/posts\/35130\/revisions"}],"predecessor-version":[{"id":35150,"href":"https:\/\/coueron-st-symphorien.fr\/index.php?rest_route=\/wp\/v2\/posts\/35130\/revisions\/35150"}],"wp:attachment":[{"href":"https:\/\/coueron-st-symphorien.fr\/index.php?rest_route=%2Fwp%2Fv2%2Fmedia&parent=35130"}],"wp:term":[{"taxonomy":"category","embeddable":true,"href":"https:\/\/coueron-st-symphorien.fr\/index.php?rest_route=%2Fwp%2Fv2%2Fcategories&post=35130"},{"taxonomy":"post_tag","embeddable":true,"href":"https:\/\/coueron-st-symphorien.fr\/index.php?rest_route=%2Fwp%2Fv2%2Ftags&post=35130"}],"curies":[{"name":"wp","href":"https:\/\/api.w.org\/{rel}","templated":true}]}}