{"id":35054,"date":"2023-04-25T09:45:20","date_gmt":"2023-04-25T08:45:20","guid":{"rendered":"https:\/\/coueron-st-symphorien.fr\/?p=35054"},"modified":"2023-04-25T09:47:23","modified_gmt":"2023-04-25T08:47:23","slug":"les-anniversaires-de-fevrier-3","status":"publish","type":"post","link":"https:\/\/coueron-st-symphorien.fr\/?p=35054","title":{"rendered":"les anniversaires de f\u00e9vrier"},"content":{"rendered":"<p>En f\u00e9vrier Mey \u00e9tait la seule \u00e0 avoir son anniversaire.<\/p>\n<p>Elle nous a pr\u00e9par\u00e9 une belle p\u00e2te \u00e0 cr\u00eapes que Delphine \u00e0 ensuite transform\u00e9 en de jolies mini cr\u00eapes que les enfants ont d\u00e9gust\u00e9 avec grand plaisir!!!!<\/p>\nngg_shortcode_0_placeholder\n","protected":false},"excerpt":{"rendered":"<p>En f\u00e9vrier Mey \u00e9tait la seule \u00e0 avoir son anniversaire. Elle nous a pr\u00e9par\u00e9 une belle p\u00e2te \u00e0 cr\u00eapes que Delphine \u00e0 ensuite transform\u00e9 en de jolies mini cr\u00eapes que les enfants ont d\u00e9gust\u00e9 avec grand plaisir!!!!<\/p>\n","protected":false},"author":8,"featured_media":0,"comment_status":"closed","ping_status":"closed","sticky":false,"template":"","format":"standard","meta":{"ngg_post_thumbnail":0,"footnotes":""},"categories":[13],"tags":[],"_links":{"self":[{"href":"https:\/\/coueron-st-symphorien.fr\/index.php?rest_route=\/wp\/v2\/posts\/35054"}],"collection":[{"href":"https:\/\/coueron-st-symphorien.fr\/index.php?rest_route=\/wp\/v2\/posts"}],"about":[{"href":"https:\/\/coueron-st-symphorien.fr\/index.php?rest_route=\/wp\/v2\/types\/post"}],"author":[{"embeddable":true,"href":"https:\/\/coueron-st-symphorien.fr\/index.php?rest_route=\/wp\/v2\/users\/8"}],"replies":[{"embeddable":true,"href":"https:\/\/coueron-st-symphorien.fr\/index.php?rest_route=%2Fwp%2Fv2%2Fcomments&post=35054"}],"version-history":[{"count":2,"href":"https:\/\/coueron-st-symphorien.fr\/index.php?rest_route=\/wp\/v2\/posts\/35054\/revisions"}],"predecessor-version":[{"id":35062,"href":"https:\/\/coueron-st-symphorien.fr\/index.php?rest_route=\/wp\/v2\/posts\/35054\/revisions\/35062"}],"wp:attachment":[{"href":"https:\/\/coueron-st-symphorien.fr\/index.php?rest_route=%2Fwp%2Fv2%2Fmedia&parent=35054"}],"wp:term":[{"taxonomy":"category","embeddable":true,"href":"https:\/\/coueron-st-symphorien.fr\/index.php?rest_route=%2Fwp%2Fv2%2Fcategories&post=35054"},{"taxonomy":"post_tag","embeddable":true,"href":"https:\/\/coueron-st-symphorien.fr\/index.php?rest_route=%2Fwp%2Fv2%2Ftags&post=35054"}],"curies":[{"name":"wp","href":"https:\/\/api.w.org\/{rel}","templated":true}]}}