{"id":34975,"date":"2023-04-05T21:47:31","date_gmt":"2023-04-05T20:47:31","guid":{"rendered":"https:\/\/coueron-st-symphorien.fr\/?p=34975"},"modified":"2023-08-30T13:16:52","modified_gmt":"2023-08-30T12:16:52","slug":"fete-du-partage-maternelle","status":"publish","type":"post","link":"https:\/\/coueron-st-symphorien.fr\/?p=34975","title":{"rendered":"f\u00eate du partage maternelle"},"content":{"rendered":"<p>Mercredi 5 avril, tous les \u00e9l\u00e8ves de maternelle ont v\u00e9cu un r\u00e9el moment de partage en participant \u00e0 diff\u00e9rents ateliers gr\u00e2ce \u00e0 la pr\u00e9sence des \u00e9l\u00e8ves de CM1 de Laetitia et aux parents. Cette matin\u00e9e \u00e9tait riche en \u00e9motions pour petits et grands!<\/p>\nngg_shortcode_0_placeholder\n","protected":false},"excerpt":{"rendered":"<p>Mercredi 5 avril, tous les \u00e9l\u00e8ves de maternelle ont v\u00e9cu un r\u00e9el moment de partage en participant \u00e0 diff\u00e9rents ateliers gr\u00e2ce \u00e0 la pr\u00e9sence des \u00e9l\u00e8ves de CM1 de Laetitia et aux parents. Cette matin\u00e9e \u00e9tait riche en \u00e9motions pour petits et grands!<\/p>\n","protected":false},"author":23,"featured_media":0,"comment_status":"closed","ping_status":"closed","sticky":false,"template":"","format":"standard","meta":{"ngg_post_thumbnail":0,"footnotes":""},"categories":[20,14,13,75,12,11],"tags":[],"_links":{"self":[{"href":"https:\/\/coueron-st-symphorien.fr\/index.php?rest_route=\/wp\/v2\/posts\/34975"}],"collection":[{"href":"https:\/\/coueron-st-symphorien.fr\/index.php?rest_route=\/wp\/v2\/posts"}],"about":[{"href":"https:\/\/coueron-st-symphorien.fr\/index.php?rest_route=\/wp\/v2\/types\/post"}],"author":[{"embeddable":true,"href":"https:\/\/coueron-st-symphorien.fr\/index.php?rest_route=\/wp\/v2\/users\/23"}],"replies":[{"embeddable":true,"href":"https:\/\/coueron-st-symphorien.fr\/index.php?rest_route=%2Fwp%2Fv2%2Fcomments&post=34975"}],"version-history":[{"count":3,"href":"https:\/\/coueron-st-symphorien.fr\/index.php?rest_route=\/wp\/v2\/posts\/34975\/revisions"}],"predecessor-version":[{"id":34978,"href":"https:\/\/coueron-st-symphorien.fr\/index.php?rest_route=\/wp\/v2\/posts\/34975\/revisions\/34978"}],"wp:attachment":[{"href":"https:\/\/coueron-st-symphorien.fr\/index.php?rest_route=%2Fwp%2Fv2%2Fmedia&parent=34975"}],"wp:term":[{"taxonomy":"category","embeddable":true,"href":"https:\/\/coueron-st-symphorien.fr\/index.php?rest_route=%2Fwp%2Fv2%2Fcategories&post=34975"},{"taxonomy":"post_tag","embeddable":true,"href":"https:\/\/coueron-st-symphorien.fr\/index.php?rest_route=%2Fwp%2Fv2%2Ftags&post=34975"}],"curies":[{"name":"wp","href":"https:\/\/api.w.org\/{rel}","templated":true}]}}