{"id":34922,"date":"2023-03-30T11:23:55","date_gmt":"2023-03-30T10:23:55","guid":{"rendered":"https:\/\/coueron-st-symphorien.fr\/?p=34922"},"modified":"2023-03-30T11:23:55","modified_gmt":"2023-03-30T10:23:55","slug":"proposition-de-titre-pour-lexposition-sur-les-animaux","status":"publish","type":"post","link":"https:\/\/coueron-st-symphorien.fr\/?p=34922","title":{"rendered":"Proposition de titre pour l&rsquo;exposition sur les animaux"},"content":{"rendered":"<p>Suite \u00e0 la visite de l&rsquo;exposition sur les animaux, chaque classe de l&rsquo;\u00e9cole devait r\u00e9fl\u00e9chir \u00e0 un titre \u00e0 donner \u00e0 cette exposition. Voici les r\u00e9ponses des diff\u00e9rentes classes:<\/p>\n<p><strong><span style=\"color: #993300\">Les animaux sur cette dr\u00f4le de plan\u00e8te CPB<\/span><\/strong><\/p>\n<p><strong><span style=\"color: #000080\">L\u2019extraordinaire parc des animaux fantastiques CE1<\/span><\/strong><\/p>\n<p><strong><span style=\"color: #0000ff\">Les animaux multicolores font la f\u00eate&nbsp;!PS MS<\/span><\/strong><\/p>\n<p><strong><span style=\"color: #808000\">Les mondes extraordinaires CE2<\/span><\/strong><\/p>\n<p><strong><span style=\"color: #00ccff\">Les animaux fant-art-stiques CM1-CM2<\/span><\/strong><\/p>\n<p><strong><span style=\"color: #ffcc00\">Le parc animalier CE1 CE2<\/span><\/strong><\/p>\n<p><strong><span style=\"color: #008080\">Dr\u00f4les d\u2019animaux dans la vall\u00e9e des arts CM1<\/span><\/strong><\/p>\n<p><strong><span style=\"color: #00ff00\">Les animaux de l\u2019eau de et de la terre MS-GS c<\/span><\/strong><\/p>\n<p><strong><span style=\"color: #ff9900\">La belle exposition des animaux du monde MS-GS e<\/span><\/strong><\/p>\n<p><strong><span style=\"color: #ff0000\">Les animaux r\u00e9els ou imaginaires MS-GS d<\/span><\/strong><\/p>\n<p><strong><span style=\"color: #993366\">Le monde des animaux CM2<\/span><\/strong><\/p>\n<p><strong><span style=\"color: #ff00ff\">Collections PS<\/span><\/strong><\/p>\n","protected":false},"excerpt":{"rendered":"<p>Suite \u00e0 la visite de l&rsquo;exposition sur les animaux, chaque classe de l&rsquo;\u00e9cole devait r\u00e9fl\u00e9chir \u00e0 un titre \u00e0 donner \u00e0 cette exposition. Voici les r\u00e9ponses des diff\u00e9rentes classes: Les animaux sur cette dr\u00f4le de plan\u00e8te CPB L\u2019extraordinaire parc des animaux fantastiques CE1 Les animaux multicolores font la f\u00eate&nbsp;!PS MS Les mondes extraordinaires CE2 Les<\/p>\n<p><a href=\"https:\/\/coueron-st-symphorien.fr\/?p=34922\" class=\"more-link themebutton\">Lire la suite<\/a><\/p>\n","protected":false},"author":14,"featured_media":0,"comment_status":"closed","ping_status":"closed","sticky":false,"template":"","format":"standard","meta":{"ngg_post_thumbnail":0,"footnotes":""},"categories":[17,18,19,21,20,22,16,15,5,14,13,75,12,11],"tags":[],"_links":{"self":[{"href":"https:\/\/coueron-st-symphorien.fr\/index.php?rest_route=\/wp\/v2\/posts\/34922"}],"collection":[{"href":"https:\/\/coueron-st-symphorien.fr\/index.php?rest_route=\/wp\/v2\/posts"}],"about":[{"href":"https:\/\/coueron-st-symphorien.fr\/index.php?rest_route=\/wp\/v2\/types\/post"}],"author":[{"embeddable":true,"href":"https:\/\/coueron-st-symphorien.fr\/index.php?rest_route=\/wp\/v2\/users\/14"}],"replies":[{"embeddable":true,"href":"https:\/\/coueron-st-symphorien.fr\/index.php?rest_route=%2Fwp%2Fv2%2Fcomments&post=34922"}],"version-history":[{"count":1,"href":"https:\/\/coueron-st-symphorien.fr\/index.php?rest_route=\/wp\/v2\/posts\/34922\/revisions"}],"predecessor-version":[{"id":34923,"href":"https:\/\/coueron-st-symphorien.fr\/index.php?rest_route=\/wp\/v2\/posts\/34922\/revisions\/34923"}],"wp:attachment":[{"href":"https:\/\/coueron-st-symphorien.fr\/index.php?rest_route=%2Fwp%2Fv2%2Fmedia&parent=34922"}],"wp:term":[{"taxonomy":"category","embeddable":true,"href":"https:\/\/coueron-st-symphorien.fr\/index.php?rest_route=%2Fwp%2Fv2%2Fcategories&post=34922"},{"taxonomy":"post_tag","embeddable":true,"href":"https:\/\/coueron-st-symphorien.fr\/index.php?rest_route=%2Fwp%2Fv2%2Ftags&post=34922"}],"curies":[{"name":"wp","href":"https:\/\/api.w.org\/{rel}","templated":true}]}}