{"id":34918,"date":"2023-03-30T11:17:14","date_gmt":"2023-03-30T10:17:14","guid":{"rendered":"https:\/\/coueron-st-symphorien.fr\/?p=34918"},"modified":"2023-03-30T11:17:31","modified_gmt":"2023-03-30T10:17:31","slug":"34918","status":"publish","type":"post","link":"https:\/\/coueron-st-symphorien.fr\/?p=34918","title":{"rendered":"Lecture en maternelle"},"content":{"rendered":"<p>Aujourd&rsquo;hui, jeudi 30 mars, nous avons \u00e9t\u00e9 lire en maternelle.<\/p>\n<p>Les \u00e9l\u00e8ves de CE1 ont pr\u00e9par\u00e9 la lecture d\u2019un album et invent\u00e9 quelques questions \u00e0 poser aux \u00e9l\u00e8ves de maternelle. Les CE1 avaient devaient lire chacun \u00e0 un petit groupe d\u2019\u00e9l\u00e8ves. Les maternelles ont \u00e9cout\u00e9 les histoires et ont pu presque tous r\u00e9pondre aux questions, certains ont pu&nbsp; retrouver leur fr\u00e8re et s\u0153ur. Les CE1 ont beaucoup appr\u00e9ci\u00e9 ce moment de partage et quelques-uns se souviennent de ce moment-l\u00e0 quand ils \u00e9taient eux- m\u00eames en maternelle. Ils ont h\u00e2te de revenir jeudi prochain<\/p>\n<p>ngg_shortcode_0_placeholder!<\/p>\n","protected":false},"excerpt":{"rendered":"<p>Aujourd&rsquo;hui, jeudi 30 mars, nous avons \u00e9t\u00e9 lire en maternelle. Les \u00e9l\u00e8ves de CE1 ont pr\u00e9par\u00e9 la lecture d\u2019un album et invent\u00e9 quelques questions \u00e0 poser aux \u00e9l\u00e8ves de maternelle. Les CE1 avaient devaient lire chacun \u00e0 un petit groupe d\u2019\u00e9l\u00e8ves. Les maternelles ont \u00e9cout\u00e9 les histoires et ont pu presque tous r\u00e9pondre aux questions,<\/p>\n<p><a href=\"https:\/\/coueron-st-symphorien.fr\/?p=34918\" class=\"more-link themebutton\">Lire la suite<\/a><\/p>\n","protected":false},"author":14,"featured_media":0,"comment_status":"closed","ping_status":"closed","sticky":false,"template":"","format":"standard","meta":{"ngg_post_thumbnail":0,"footnotes":""},"categories":[17],"tags":[],"_links":{"self":[{"href":"https:\/\/coueron-st-symphorien.fr\/index.php?rest_route=\/wp\/v2\/posts\/34918"}],"collection":[{"href":"https:\/\/coueron-st-symphorien.fr\/index.php?rest_route=\/wp\/v2\/posts"}],"about":[{"href":"https:\/\/coueron-st-symphorien.fr\/index.php?rest_route=\/wp\/v2\/types\/post"}],"author":[{"embeddable":true,"href":"https:\/\/coueron-st-symphorien.fr\/index.php?rest_route=\/wp\/v2\/users\/14"}],"replies":[{"embeddable":true,"href":"https:\/\/coueron-st-symphorien.fr\/index.php?rest_route=%2Fwp%2Fv2%2Fcomments&post=34918"}],"version-history":[{"count":3,"href":"https:\/\/coueron-st-symphorien.fr\/index.php?rest_route=\/wp\/v2\/posts\/34918\/revisions"}],"predecessor-version":[{"id":34921,"href":"https:\/\/coueron-st-symphorien.fr\/index.php?rest_route=\/wp\/v2\/posts\/34918\/revisions\/34921"}],"wp:attachment":[{"href":"https:\/\/coueron-st-symphorien.fr\/index.php?rest_route=%2Fwp%2Fv2%2Fmedia&parent=34918"}],"wp:term":[{"taxonomy":"category","embeddable":true,"href":"https:\/\/coueron-st-symphorien.fr\/index.php?rest_route=%2Fwp%2Fv2%2Fcategories&post=34918"},{"taxonomy":"post_tag","embeddable":true,"href":"https:\/\/coueron-st-symphorien.fr\/index.php?rest_route=%2Fwp%2Fv2%2Ftags&post=34918"}],"curies":[{"name":"wp","href":"https:\/\/api.w.org\/{rel}","templated":true}]}}